{"id":523474,"date":"2025-11-09T20:25:14","date_gmt":"2025-11-09T20:25:14","guid":{"rendered":"https:\/\/www.europesays.com\/fr\/523474\/"},"modified":"2025-11-09T20:25:14","modified_gmt":"2025-11-09T20:25:14","slug":"mickael-guillard-forfait-contre-les-fidji-pierre-bochaton-appele","status":"publish","type":"post","link":"https:\/\/www.europesays.com\/fr\/523474\/","title":{"rendered":"Micka\u00ebl Guillard forfait contre les Fidji, Pierre Bochaton appel\u00e9"},"content":{"rendered":"\n<p class=\"Paragraph__content\" data-v-e14a34bc=\"\">Coup dur pour les Bleus apr\u00e8s <a href=\"https:\/\/www.lequipe.fr\/Rugby\/Actualites\/Longtemps-en-superiorite-numerique-l-equipe-de-france-s-incline-largement-contre-l-afrique-du-sud\/1608546\" notaddlevel=\"true\" target=\"_blank\" rel=\"nofollow noopener\">le lourd revers contre l&rsquo;Afrique du Sud (17-32)<\/a>, samedi soir au Stade de France. Le polyvalent num\u00e9ro\u00a08 lyonnais Micka\u00ebl Guillard, titulaire contre les Boks, est forfait pour le deuxi\u00e8me test de la tourn\u00e9e d&rsquo;automne ce samedi contre les Fidji \u00e0 Bordeaux (21h10), comme l&rsquo;a annonc\u00e9 la FFR dans un communiqu\u00e9. Selon nos informations, Guillard (24 ans, 13 s\u00e9lections) se plaint d&rsquo;une \u00e9paule.<\/p>\n<p class=\"Paragraph__content\" data-v-e14a34bc=\"\">Le Bordelais Pierre Bochaton (24 ans, 2 s\u00e9lections) a \u00e9t\u00e9 appel\u00e9 en renfort ce dimanche par le staff du quinze de France. Le Rochelais Gr\u00e9gory Alldritt, hors des vingt-trois ce week-end, pourrait, lui, en profiter pour r\u00e9cup\u00e9rer une place sur la feuille de match.<\/p>\n<p>                       Le groupe des 42 <\/p>\n<p class=\"Paragraph__content\" data-v-e14a34bc=\"\"><b>Talonneurs<\/b>\u00a0: Guillaume Cramont (Toulouse), Maxime Lamothe (Bordeaux-B\u00e8gles), Julien Marchand (Toulouse).<br \/><b>Piliers gauches<\/b>\u00a0: Baptiste Erdocio (Montpellier), Jean-Baptiste Gros (Toulon), Rodrigue Neti (Toulouse).<br \/><b>Piliers droits<\/b>\u00a0: Dorian Aldegheri (Toulouse), Thomas Laclayat (Pau), R\u00e9gis Montagne (Clermont), Emerick Setiano (Bayonne).<br \/><b>Deuxi\u00e8me-ligne<\/b>\u00a0: Hugo Auradou (Pau), Thibaud Flament (Toulouse), Jimi Maximin (Pau), Emmanuel Meafou (Toulouse), Romain Taofifenua (Racing).<br \/><b>Troisi\u00e8me-ligne<\/b>\u00a0: Gr\u00e9gory Alldritt (La\u00a0Rochelle), Paul Boudehent (La\u00a0Rochelle), Esteban Capilla (Bayonne), Pierre Bochaton (Bordeaux-B\u00e8gles), Oscar Jegou (La\u00a0Rochelle), Anthony Jelonch (Toulouse), Charles Ollivon (Toulon), Cameron Woki (Bordeaux-B\u00e8gles).<br \/><b>Demis de m\u00eal\u00e9e<\/b>\u00a0: Baptiste Jauneau (Clermont), Nolann Le\u00a0Garrec (La\u00a0Rochelle), Maxime Lucu (Bordeaux-B\u00e8gles).<br \/><b>Demis d&rsquo;ouverture<\/b>\u00a0: L\u00e9o Barr\u00e9 (Stade Fran\u00e7ais), Romain Ntamack (Toulouse), Ugo Seunes (Racing).<br \/><b>Centres<\/b>\u00a0: Pierre-Louis Barassi (Toulouse), Fabien Brau-Boirie (Pau), Nicolas Depoortere (Bordeaux-B\u00e8gles), Ga\u00ebl Fickou (Racing), \u00c9milien Gailleton (Pau).<br \/><b>Ailiers<\/b>\u00a0: Gr\u00e9goire Arfeuil (Pau), Louis Bielle-Biarrey (Bordeaux-B\u00e8gles), Ga\u00ebl Drean (Toulon), Aaron Grandidier-Nkanang (Pau), Damian Penaud (Bordeaux-B\u00e8gles).<br \/><b>Arri\u00e8res<\/b>\u00a0: Th\u00e9o Chabouni (Castres), Thomas Ramos (Toulouse), Cheikh Tiberghien (Bayonne).<\/p>\n","protected":false},"excerpt":{"rendered":"Coup dur pour les Bleus apr\u00e8s le lourd revers contre l&rsquo;Afrique du Sud (17-32), samedi soir au Stade&hellip;\n","protected":false},"author":2,"featured_media":523475,"comment_status":"","ping_status":"","sticky":false,"template":"","format":"standard","meta":{"footnotes":""},"categories":[1416],"tags":[1011,27,479,1468,60],"class_list":{"0":"post-523474","1":"post","2":"type-post","3":"status-publish","4":"format-standard","5":"has-post-thumbnail","7":"category-rugby","8":"tag-fr","9":"tag-france","10":"tag-rugby","11":"tag-rugby-football","12":"tag-sports"},"share_on_mastodon":{"url":"","error":""},"_links":{"self":[{"href":"https:\/\/www.europesays.com\/fr\/wp-json\/wp\/v2\/posts\/523474","targetHints":{"allow":["GET"]}}],"collection":[{"href":"https:\/\/www.europesays.com\/fr\/wp-json\/wp\/v2\/posts"}],"about":[{"href":"https:\/\/www.europesays.com\/fr\/wp-json\/wp\/v2\/types\/post"}],"author":[{"embeddable":true,"href":"https:\/\/www.europesays.com\/fr\/wp-json\/wp\/v2\/users\/2"}],"replies":[{"embeddable":true,"href":"https:\/\/www.europesays.com\/fr\/wp-json\/wp\/v2\/comments?post=523474"}],"version-history":[{"count":0,"href":"https:\/\/www.europesays.com\/fr\/wp-json\/wp\/v2\/posts\/523474\/revisions"}],"wp:featuredmedia":[{"embeddable":true,"href":"https:\/\/www.europesays.com\/fr\/wp-json\/wp\/v2\/media\/523475"}],"wp:attachment":[{"href":"https:\/\/www.europesays.com\/fr\/wp-json\/wp\/v2\/media?parent=523474"}],"wp:term":[{"taxonomy":"category","embeddable":true,"href":"https:\/\/www.europesays.com\/fr\/wp-json\/wp\/v2\/categories?post=523474"},{"taxonomy":"post_tag","embeddable":true,"href":"https:\/\/www.europesays.com\/fr\/wp-json\/wp\/v2\/tags?post=523474"}],"curies":[{"name":"wp","href":"https:\/\/api.w.org\/{rel}","templated":true}]}}