{"id":523476,"date":"2025-11-09T20:26:14","date_gmt":"2025-11-09T20:26:14","guid":{"rendered":"https:\/\/www.europesays.com\/fr\/523476\/"},"modified":"2025-11-09T20:26:14","modified_gmt":"2025-11-09T20:26:14","slug":"atp-finals-auger-aliassime-et-le-defi-daffronter-a-nouveau-sinner-sports","status":"publish","type":"post","link":"https:\/\/www.europesays.com\/fr\/523476\/","title":{"rendered":"ATP Finals : Auger-Aliassime et le d\u00e9fi d&rsquo;affronter \u00e0 nouveau Sinner : Sports"},"content":{"rendered":"<p class=\"date\">\n                                                            Mathieu Warnier, Media365, publi\u00e9 le dimanche 09 novembre 2025 \u00e0 20h35\n                                                    <\/p>\n<p>Battu par Jannik Sinner en finale du Rolex Paris Masters, F\u00e9lix Auger-Aliassime va retrouver ce lundi les ATP Finals avec un premier match face \u00e0 l&rsquo;Italien devant son public. Un d\u00e9fi qui fait saliver le Canadien sans que ce dernier ne lui donne trop d&rsquo;importance.<\/p>\n<p>F\u00e9lix Auger-Aliassime ne pouvait esp\u00e9rer plus beau d\u00e9fi. Qualifi\u00e9 in extremis pour ses deuxi\u00e8mes ATP Finals, le natif de Montr\u00e9al va affronter ce lundi Jannik Sinner dans ce qui sera une revanche de la finale du dernier Rolex Paris Masters. \u00ab\u00a0C&rsquo;est une sacr\u00e9e fa\u00e7on de commencer un tournoi, c&rsquo;est certain, a-t-il lanc\u00e9 dans des propos recueillis par le quotidien L&rsquo;Equipe. C&rsquo;est compl\u00e8tement diff\u00e9rent de ce qu&rsquo;on peut vivre le reste de la saison. Mais on sait que dans ces ATP Finals, chaque match sera compliqu\u00e9.\u00a0\u00bb Un tournoi qu&rsquo;il aurait pu manquer si Lorenzo Musetti avait domin\u00e9 Novak Djokovic de samedi en finale \u00e0 Ath\u00e8nes, avant le forfait du Serbe annonc\u00e9 peu apr\u00e8s la conclusion de la rencontre. Honn\u00eate face aux journalistes, F\u00e9lix Auger-Aliassime a assur\u00e9 n&rsquo;avoir \u00ab\u00a0pas regard\u00e9 le match\u00a0\u00bb, consid\u00e9rant que \u00ab\u00a0ce serait trop stressant de regarder \u00e7a\u00a0\u00bb.<\/p>\n<p>Auger-Aliassime : \u00ab\u00a0Un peu mieux pr\u00e9par\u00e9 qu&rsquo;\u00e0 Paris\u00a0\u00bb<\/p>\n<p>N\u00e9anmoins, il a \u00ab\u00a0suivi le score\u00a0\u00bb tout en souhaitant se \u00ab\u00a0concentrer sur ce (qu&rsquo;il pouvait) ma\u00eetriser, (se) pr\u00e9parer et rester relax\u00a0\u00bb. Face \u00e0 Jannik Sinner, \u00ab\u00a0FAA\u00a0\u00bb conc\u00e8de que c&rsquo;est le \u00ab\u00a0plus grand des d\u00e9fis\u00a0\u00bb mais il en tire une source de motivation suppl\u00e9mentaire. \u00ab\u00a0Ce qui est int\u00e9ressant dans un sens, parce que gagner un match comme \u00e7a peut vous donner une confiance immense pour la suite du tournoi, a confi\u00e9 le Canadien. Mais si \u00e7a ne va pas dans votre sens, ce sera forc\u00e9ment diff\u00e9rent.\u00a0\u00bb Confiant quant au fait d&rsquo;\u00eatre \u00ab\u00a0un peu mieux pr\u00e9par\u00e9 qu&rsquo;\u00e0 Paris\u00a0\u00bb, le num\u00e9ro 8 mondial s&rsquo;attend surtout \u00e0 \u00ab\u00a0une ambiance folle\u00a0\u00bb dans l&rsquo;Inalpi Arena de Turin, qui sera acquise \u00e0 la cause de Jannik Sinner. Apr\u00e8s une premi\u00e8re exp\u00e9rience en 2022, F\u00e9lix Auger-Aliassime retrouve la grande f\u00eate de fin de saison.<\/p>\n<p>Auger-Aliassime veut \u00ab\u00a0produire du bon tennis\u00a0\u00bb<\/p>\n<p>Une exp\u00e9rience qui sera bien diff\u00e9rente maintenant qu&rsquo;il en a l&rsquo;exp\u00e9rience. \u00ab\u00a0La premi\u00e8re fois, il y a un effet Wow. Tout est nouveau, on a l&rsquo;impression que c&rsquo;est quelque chose qui va changer votre vie, a-t-il confi\u00e9 face \u00e0 la presse. Maintenant, j&rsquo;ai le recul suffisant pour me dire que je l&rsquo;ai d\u00e9j\u00e0 fait, que ma carri\u00e8re continue, que la vie continue. Il y aura d&rsquo;autres d\u00e9fis \u00e0 relever.\u00a0\u00bb Un tournoi qu&rsquo;il voit comme \u00ab\u00a0une \u00e9tape dans (sa) carri\u00e8re\u00a0\u00bb mais toutefois \u00ab\u00a0pas comme une \u00e9tape aussi importante (qu&rsquo;il le pensait) il y a trois ans\u00a0\u00bb. En tout cas, il a rejoint Turin avec l&rsquo;envie de bien faire, de \u00ab\u00a0produire du bon tennis\u00a0\u00bb sans s&rsquo;attarder sur ce qui suivra. Un \u00e9tat d&rsquo;esprit qui pourrait lui permettre de faire mieux qu&rsquo;en 2022, o\u00f9 il n&rsquo;avait sign\u00e9 qu&rsquo;une victoire face \u00e0 un certain Rafael Nadal.<\/p>\n","protected":false},"excerpt":{"rendered":"Mathieu Warnier, Media365, publi\u00e9 le dimanche 09 novembre 2025 \u00e0 20h35 Battu par Jannik Sinner en finale du&hellip;\n","protected":false},"author":2,"featured_media":523477,"comment_status":"","ping_status":"","sticky":false,"template":"","format":"standard","meta":{"footnotes":""},"categories":[1415],"tags":[1011,27,60,1467],"class_list":{"0":"post-523476","1":"post","2":"type-post","3":"status-publish","4":"format-standard","5":"has-post-thumbnail","7":"category-tennis","8":"tag-fr","9":"tag-france","10":"tag-sports","11":"tag-tennis"},"share_on_mastodon":{"url":"https:\/\/pubeurope.com\/@fr\/115521623360836601","error":""},"_links":{"self":[{"href":"https:\/\/www.europesays.com\/fr\/wp-json\/wp\/v2\/posts\/523476","targetHints":{"allow":["GET"]}}],"collection":[{"href":"https:\/\/www.europesays.com\/fr\/wp-json\/wp\/v2\/posts"}],"about":[{"href":"https:\/\/www.europesays.com\/fr\/wp-json\/wp\/v2\/types\/post"}],"author":[{"embeddable":true,"href":"https:\/\/www.europesays.com\/fr\/wp-json\/wp\/v2\/users\/2"}],"replies":[{"embeddable":true,"href":"https:\/\/www.europesays.com\/fr\/wp-json\/wp\/v2\/comments?post=523476"}],"version-history":[{"count":0,"href":"https:\/\/www.europesays.com\/fr\/wp-json\/wp\/v2\/posts\/523476\/revisions"}],"wp:featuredmedia":[{"embeddable":true,"href":"https:\/\/www.europesays.com\/fr\/wp-json\/wp\/v2\/media\/523477"}],"wp:attachment":[{"href":"https:\/\/www.europesays.com\/fr\/wp-json\/wp\/v2\/media?parent=523476"}],"wp:term":[{"taxonomy":"category","embeddable":true,"href":"https:\/\/www.europesays.com\/fr\/wp-json\/wp\/v2\/categories?post=523476"},{"taxonomy":"post_tag","embeddable":true,"href":"https:\/\/www.europesays.com\/fr\/wp-json\/wp\/v2\/tags?post=523476"}],"curies":[{"name":"wp","href":"https:\/\/api.w.org\/{rel}","templated":true}]}}