{"id":523478,"date":"2025-11-09T20:30:17","date_gmt":"2025-11-09T20:30:17","guid":{"rendered":"https:\/\/www.europesays.com\/fr\/523478\/"},"modified":"2025-11-09T20:30:17","modified_gmt":"2025-11-09T20:30:17","slug":"un-contrat-pro-pour-colin-savioz-actualite","status":"publish","type":"post","link":"https:\/\/www.europesays.com\/fr\/523478\/","title":{"rendered":"Un contrat pro pour Colin Savioz &#8211; Actualit\u00e9"},"content":{"rendered":"<p style=\"text-align: justify;\">Colin Savioz a d\u00e9croch\u00e9 un contrat professionnel. Le coureur de Charvieu-Chavagneux IC s\u2019est engag\u00e9 pour les deux prochaines saisons avec la ProTeam Unibet Rose Rockets o\u00f9 il a \u00e9t\u00e9 stagiaire estival.<\/p>\n<p>Colin Savioz a remport\u00e9 cette saison Bourg-Arbent-Bourg. Le grimpeur is\u00e9rois a aussi termin\u00e9 4e d\u2019une \u00e9preuve des Boucles du Haut-Var, 6e du Prix de Chavannes-sur-Reyssouze, 7e du Circuit de la Vall\u00e9e du B\u00e9dat, 8e de l\u2019Alpes Is\u00e8re Tour (2.2) o\u00f9 il s\u2019est class\u00e9 11 et 10e des deux derni\u00e8res \u00e9tapes. Avant\u00a0Charvieu-Chavagneux IC, le coureur de 21 ans \u00e9voluait ces deux derni\u00e8res ann\u00e9es au sein de la Continentale de la Groupama-FDJ.<\/p>\n<p>Autre stagiaire de la ProTeam fran\u00e7aise,\u00a0<strong><a href=\"https:\/\/www.directvelo.com\/coureur\/50743\/eivind-broholt-fougner\" target=\"_blank\" rel=\"noopener\">Eivind Broholt Fougner<\/a><\/strong> s\u2019est \u00e9galement engag\u00e9 avec l&rsquo;\u00e9quipe de Bas Tietema. Le Norv\u00e9gien de 22 ans arrive de la Continentale Coop-Repsol.<\/p>\n<p>Retrouvez tous les transferts de l\u2019intersaison 2025-2026\u00a0<a href=\"https:\/\/www.directvelo.com\/mutations\/2026#teams-pro\" target=\"_blank\" rel=\"noopener\"><strong>en cliquant ici<\/strong><\/a>.<\/p>\n","protected":false},"excerpt":{"rendered":"Colin Savioz a d\u00e9croch\u00e9 un contrat professionnel. Le coureur de Charvieu-Chavagneux IC s\u2019est engag\u00e9 pour les deux prochaines&hellip;\n","protected":false},"author":2,"featured_media":523479,"comment_status":"","ping_status":"","sticky":false,"template":"","format":"standard","meta":{"footnotes":""},"categories":[1411],"tags":[834,828,836,829,837,827,83,826,824,823,1154,207,814,817,815,816,822,821,832,211,839,1011,27,820,818,819,835,831,830,833,838,60,212,208,825],"class_list":{"0":"post-523478","1":"post","2":"type-post","3":"status-publish","4":"format-standard","5":"has-post-thumbnail","7":"category-cyclisme","8":"tag-attaque","9":"tag-belgique","10":"tag-braquet","11":"tag-bretagne","12":"tag-chute","13":"tag-competition","14":"tag-coupe-de-france","15":"tag-coureur","16":"tag-course-cyclisme","17":"tag-course-cycliste","18":"tag-cycling","19":"tag-cyclisme","20":"tag-direct","21":"tag-direct-velo","22":"tag-directvelo","23":"tag-directvelo-com","24":"tag-epreuve","25":"tag-epreuve-cycliste","26":"tag-federation-francaise-de-cyclisme","27":"tag-ffc","28":"tag-flandres","29":"tag-fr","30":"tag-france","31":"tag-live","32":"tag-live-course","33":"tag-live-epreuve","34":"tag-peloton","35":"tag-radio-peloton","36":"tag-radio-tour","37":"tag-ravitaillement","38":"tag-relance","39":"tag-sports","40":"tag-uci","41":"tag-velo","42":"tag-velos"},"share_on_mastodon":{"url":"https:\/\/pubeurope.com\/@fr\/115521639121097527","error":""},"_links":{"self":[{"href":"https:\/\/www.europesays.com\/fr\/wp-json\/wp\/v2\/posts\/523478","targetHints":{"allow":["GET"]}}],"collection":[{"href":"https:\/\/www.europesays.com\/fr\/wp-json\/wp\/v2\/posts"}],"about":[{"href":"https:\/\/www.europesays.com\/fr\/wp-json\/wp\/v2\/types\/post"}],"author":[{"embeddable":true,"href":"https:\/\/www.europesays.com\/fr\/wp-json\/wp\/v2\/users\/2"}],"replies":[{"embeddable":true,"href":"https:\/\/www.europesays.com\/fr\/wp-json\/wp\/v2\/comments?post=523478"}],"version-history":[{"count":0,"href":"https:\/\/www.europesays.com\/fr\/wp-json\/wp\/v2\/posts\/523478\/revisions"}],"wp:featuredmedia":[{"embeddable":true,"href":"https:\/\/www.europesays.com\/fr\/wp-json\/wp\/v2\/media\/523479"}],"wp:attachment":[{"href":"https:\/\/www.europesays.com\/fr\/wp-json\/wp\/v2\/media?parent=523478"}],"wp:term":[{"taxonomy":"category","embeddable":true,"href":"https:\/\/www.europesays.com\/fr\/wp-json\/wp\/v2\/categories?post=523478"},{"taxonomy":"post_tag","embeddable":true,"href":"https:\/\/www.europesays.com\/fr\/wp-json\/wp\/v2\/tags?post=523478"}],"curies":[{"name":"wp","href":"https:\/\/api.w.org\/{rel}","templated":true}]}}