{"id":523500,"date":"2025-11-09T20:43:10","date_gmt":"2025-11-09T20:43:10","guid":{"rendered":"https:\/\/www.europesays.com\/fr\/523500\/"},"modified":"2025-11-09T20:43:10","modified_gmt":"2025-11-09T20:43:10","slug":"la-consommation-doeufs-est-extremement-soutenue-pourquoi-les-rayons-sont-parfois-vides-dans-les-magasins","status":"publish","type":"post","link":"https:\/\/www.europesays.com\/fr\/523500\/","title":{"rendered":"\u00ab\u00a0La consommation d\u2019\u0153ufs est extr\u00eamement soutenue\u00a0\u00bb\u00a0: pourquoi les rayons sont (parfois) vides dans les magasins"},"content":{"rendered":"<p class=\"paragraph text_align_left lp-f-body-02\">Cela a pu vous arriver au cours des derni\u00e8res semaines, \u00e0 la sup\u00e9rette du quartier ou sur le site de votre drive : au moment de choisir la bo\u00eete de douze <a href=\"https:\/\/www.leparisien.fr\/seine-et-marne-77\/les-oeufs-produits-en-ile-de-france-en-augmentation-constante-depuis-10-ans-26-02-2022-OBJNB7BH55BZJISRQEW3RNCKNQ.php\" target=\"_self\" rel=\"nofollow noopener\">\u0153ufs<\/a> pour l\u2019omelette familiale, impossible d\u2019en trouver. Moment d\u00e9sagr\u00e9able que certains pourraient interpr\u00e9ter comme le signe d\u2019une p\u00e9nurie\u2026<\/p>\n<p class=\"paragraph text_align_left lp-f-body-02\">Mais gardez-vous de faire du stock, la disette n\u2019est pas pour demain ! Il faut toutefois bien s\u2019habituer \u00e0 ces ruptures d\u2019approvisionnement ponctuelles, dans un pays pourtant \u00e9pargn\u00e9 par les \u00e9pizooties de grippe aviaire \u2014 qui ont, par exemple, <a href=\"https:\/\/www.leparisien.fr\/economie\/consommation\/comment-les-oeufs-sont-devenus-un-produit-de-luxe-aux-etats-unis-15-02-2025-RJMMOADHQVE3LCT5GWEYCQ26VA.php\" target=\"_self\" rel=\"nofollow noopener\">durement frapp\u00e9 les \u00c9tats-Unis cette ann\u00e9e<\/a>.<\/p>\n","protected":false},"excerpt":{"rendered":"Cela a pu vous arriver au cours des derni\u00e8res semaines, \u00e0 la sup\u00e9rette du quartier ou sur le&hellip;\n","protected":false},"author":2,"featured_media":523501,"comment_status":"","ping_status":"","sticky":false,"template":"","format":"standard","meta":{"footnotes":""},"categories":[6],"tags":[35,130,33,34,1011,27],"class_list":{"0":"post-523500","1":"post","2":"type-post","3":"status-publish","4":"format-standard","5":"has-post-thumbnail","7":"category-economie","8":"tag-business","9":"tag-consommation","10":"tag-economie","11":"tag-economy","12":"tag-fr","13":"tag-france"},"share_on_mastodon":{"url":"https:\/\/pubeurope.com\/@fr\/115521690303181533","error":""},"_links":{"self":[{"href":"https:\/\/www.europesays.com\/fr\/wp-json\/wp\/v2\/posts\/523500","targetHints":{"allow":["GET"]}}],"collection":[{"href":"https:\/\/www.europesays.com\/fr\/wp-json\/wp\/v2\/posts"}],"about":[{"href":"https:\/\/www.europesays.com\/fr\/wp-json\/wp\/v2\/types\/post"}],"author":[{"embeddable":true,"href":"https:\/\/www.europesays.com\/fr\/wp-json\/wp\/v2\/users\/2"}],"replies":[{"embeddable":true,"href":"https:\/\/www.europesays.com\/fr\/wp-json\/wp\/v2\/comments?post=523500"}],"version-history":[{"count":0,"href":"https:\/\/www.europesays.com\/fr\/wp-json\/wp\/v2\/posts\/523500\/revisions"}],"wp:featuredmedia":[{"embeddable":true,"href":"https:\/\/www.europesays.com\/fr\/wp-json\/wp\/v2\/media\/523501"}],"wp:attachment":[{"href":"https:\/\/www.europesays.com\/fr\/wp-json\/wp\/v2\/media?parent=523500"}],"wp:term":[{"taxonomy":"category","embeddable":true,"href":"https:\/\/www.europesays.com\/fr\/wp-json\/wp\/v2\/categories?post=523500"},{"taxonomy":"post_tag","embeddable":true,"href":"https:\/\/www.europesays.com\/fr\/wp-json\/wp\/v2\/tags?post=523500"}],"curies":[{"name":"wp","href":"https:\/\/api.w.org\/{rel}","templated":true}]}}