{"id":523502,"date":"2025-11-09T20:44:10","date_gmt":"2025-11-09T20:44:10","guid":{"rendered":"https:\/\/www.europesays.com\/fr\/523502\/"},"modified":"2025-11-09T20:44:10","modified_gmt":"2025-11-09T20:44:10","slug":"une-jeune-tiktokeuse-enlevee-puis-executee-en-public-par-des-djihadistes-presumes-au-mali","status":"publish","type":"post","link":"https:\/\/www.europesays.com\/fr\/523502\/","title":{"rendered":"Une jeune tiktokeuse enlev\u00e9e puis ex\u00e9cut\u00e9e en public par des djihadistes pr\u00e9sum\u00e9s au Mali"},"content":{"rendered":"<p class=\"rev-margin-0 rev-text-xs-normal\">Dans le nord de la C\u00f4te d&rsquo;Ivoire, les chauffeurs routiers s&rsquo;appr\u00eatent \u00e0 retourner au Mali voisin, \u00e0 bord de leurs camions-citernes charg\u00e9s de carburant et d&rsquo;angoisse. Un acronyme s\u00e8me la terreur parmi eux : JNIM, le nom du groupe djihadiste affili\u00e9 \u00e0&#8230;<\/p>\n<p class=\"rev-margin-0 rev-text-xs-bold\">AFP \/ ISSOUF SANOGO<\/p>\n<p>Une jeune tiktokeuse malienne a \u00e9t\u00e9 enlev\u00e9e jeudi puis ex\u00e9cut\u00e9e en public le lendemain dans le nord du Mali par des djihadistes pr\u00e9sum\u00e9s qui l&rsquo;accusaient de collaborer avec l&rsquo;arm\u00e9e malienne, ont indiqu\u00e9 ce dimanche un membre de sa famille, une source s\u00e9curitaire et un \u00e9lu local.<\/p>\n<p><strong>Mariam Ciss\u00e9 \u00e9tait connue pour ses vid\u00e9os<\/strong> qu&rsquo;elle partageait sur TikTok \u00e0 propos de sa ville de Tonka, situ\u00e9e dans la r\u00e9gion de Tombouctou (nord). La jeune fille comptait plus de 90 000 abonn\u00e9s sur la plateforme.\u00a0Son ex\u00e9cution a suscit\u00e9 un vif \u00e9moi dans le pays, dirig\u00e9 par une junte et confront\u00e9 depuis 2012 \u00e0 une profonde crise s\u00e9curitaire doubl\u00e9e d&rsquo;une crise \u00e9conomique.<\/p>\n<p>\u00ab\u00a0Ma s\u0153ur a \u00e9t\u00e9 arr\u00eat\u00e9e jeudi par les djihadistes\u00a0\u00bb qui l&rsquo;accusaient \u00ab\u00a0d&rsquo;informer l&rsquo;arm\u00e9e malienne de (leurs) mouvements\u00a0\u00bb, a racont\u00e9 son fr\u00e8re \u00e0 l&rsquo;AFP.\u00a0\u00ab\u00a0Le lendemain, ils l&rsquo;ont amen\u00e9e \u00e0 Tonka \u00e0 moto sur la place de l\u2019ind\u00e9pendance (et) ils l&rsquo;ont fusill\u00e9e. J&rsquo;\u00e9tais dans le public\u00a0\u00bb, a-t-il poursuivi.<\/p>\n<p>\u00ab\u00a0Mariam Ciss\u00e9 a \u00e9t\u00e9 assassin\u00e9e sur une place publique de Tonka vendredi par les jihadistes qui l&rsquo;accusaient de les avoir film\u00e9s pour le compte de l\u2019arm\u00e9e malienne\u00a0\u00bb, a \u00e9galement affirm\u00e9 \u00e0 l&rsquo;AFP une source s\u00e9curitaire sous couvert d&rsquo;anonymat, d\u00e9non\u00e7ant \u00ab\u00a0une barbarie\u00a0\u00bb.\u00a0Un \u00e9lu local a confirm\u00e9 \u00e0 l&rsquo;AFP son ex\u00e9cution qu&rsquo;il a qualifi\u00e9e \u00ab\u00a0d&rsquo;acte ignoble\u00a0\u00bb.<\/p>\n<p>Le Mali est confront\u00e9 depuis 2012 \u00e0 une profonde crise s\u00e9curitaire nourrie notamment par les violences de groupes djihadistes affili\u00e9s \u00e0 Al-Qa\u00efda et \u00e0 l&rsquo;organisation Etat islamique (EI), ainsi que de groupes criminels communautaires. Elle s&rsquo;ajoute \u00e0 une grave crise \u00e9conomique.<\/p>\n<p>Les djihadistes du Groupe de soutien \u00e0 l&rsquo;islam et aux musulmans (JNIM) ont impos\u00e9 ces derni\u00e8res semaines jusqu&rsquo;\u00e0 Bamako un blocus sur les importations de carburant, paralysant l&rsquo;\u00e9conomie de ce pays sah\u00e9lien enclav\u00e9. Le JNIM resserre \u00e9galement l&rsquo;\u00e9tau sur le r\u00e9gime militaire, de plus en plus fragilis\u00e9.<\/p>\n","protected":false},"excerpt":{"rendered":"Dans le nord de la C\u00f4te d&rsquo;Ivoire, les chauffeurs routiers s&rsquo;appr\u00eatent \u00e0 retourner au Mali voisin, \u00e0 bord&hellip;\n","protected":false},"author":2,"featured_media":523503,"comment_status":"","ping_status":"","sticky":false,"template":"","format":"standard","meta":{"footnotes":""},"categories":[5],"tags":[17,11,64373,64375,1011,27,329,14,3913,12,3532,64374,64372,96,28],"class_list":{"0":"post-523502","1":"post","2":"type-post","3":"status-publish","4":"format-standard","5":"has-post-thumbnail","7":"category-international","8":"tag-17","9":"tag-actualites","10":"tag-enlevee","11":"tag-executee","12":"tag-fr","13":"tag-france","14":"tag-france-monde","15":"tag-international","16":"tag-jeune","17":"tag-news","18":"tag-public","19":"tag-puis","20":"tag-tiktokeuse","21":"tag-une","22":"tag-world"},"share_on_mastodon":{"url":"https:\/\/pubeurope.com\/@fr\/115521694432379252","error":""},"_links":{"self":[{"href":"https:\/\/www.europesays.com\/fr\/wp-json\/wp\/v2\/posts\/523502","targetHints":{"allow":["GET"]}}],"collection":[{"href":"https:\/\/www.europesays.com\/fr\/wp-json\/wp\/v2\/posts"}],"about":[{"href":"https:\/\/www.europesays.com\/fr\/wp-json\/wp\/v2\/types\/post"}],"author":[{"embeddable":true,"href":"https:\/\/www.europesays.com\/fr\/wp-json\/wp\/v2\/users\/2"}],"replies":[{"embeddable":true,"href":"https:\/\/www.europesays.com\/fr\/wp-json\/wp\/v2\/comments?post=523502"}],"version-history":[{"count":0,"href":"https:\/\/www.europesays.com\/fr\/wp-json\/wp\/v2\/posts\/523502\/revisions"}],"wp:featuredmedia":[{"embeddable":true,"href":"https:\/\/www.europesays.com\/fr\/wp-json\/wp\/v2\/media\/523503"}],"wp:attachment":[{"href":"https:\/\/www.europesays.com\/fr\/wp-json\/wp\/v2\/media?parent=523502"}],"wp:term":[{"taxonomy":"category","embeddable":true,"href":"https:\/\/www.europesays.com\/fr\/wp-json\/wp\/v2\/categories?post=523502"},{"taxonomy":"post_tag","embeddable":true,"href":"https:\/\/www.europesays.com\/fr\/wp-json\/wp\/v2\/tags?post=523502"}],"curies":[{"name":"wp","href":"https:\/\/api.w.org\/{rel}","templated":true}]}}