{"id":523504,"date":"2025-11-09T20:45:15","date_gmt":"2025-11-09T20:45:15","guid":{"rendered":"https:\/\/www.europesays.com\/fr\/523504\/"},"modified":"2025-11-09T20:45:15","modified_gmt":"2025-11-09T20:45:15","slug":"deux-morts-apres-un-refus-dobtemperer-au-sud-de-toulouse-le-conducteur-dont-la-voiture-a-fini-dans-un-lac-en-garde-a-vue","status":"publish","type":"post","link":"https:\/\/www.europesays.com\/fr\/523504\/","title":{"rendered":"Deux morts apr\u00e8s un refus d\u2019obtemp\u00e9rer au sud de Toulouse, le conducteur dont la voiture a fini dans un lac en garde \u00e0 vue"},"content":{"rendered":"<p class=\"paragraph text_align_left lp-f-body-02\">D\u2019un refus d\u2019obtemp\u00e9rer au drame. Deux jeunes hommes sont d\u00e9c\u00e9d\u00e9s dans un accident au cours de la nuit de vendredi \u00e0 samedi pr\u00e8s de Toulouse, \u00e0 Mauzac (<a href=\"https:\/\/www.leparisien.fr\/haute-garonne-31\/\" target=\"_blank\" rel=\"noreferrer nofollow noopener\">Haute-Garonne<\/a>), suivant un refus d\u2019obtemp\u00e9rer, d\u2019apr\u00e8s une information d\u2019<a href=\"https:\/\/www.francebleu.fr\/infos\/faits-divers-justice\/une-voiture-tombe-dans-un-lac-a-mauzac-haute-garonne-deux-personnes-tuees-dans-l-accident-8550637\" target=\"_blank\" rel=\"noreferrer nofollow noopener\">Ici Occitanie<\/a> confirm\u00e9e par le parquet de Toulouse au Parisien-Aujourd\u2019hui en France.<\/p>\n<p class=\"paragraph text_align_left lp-f-body-02\">Le conducteur du v\u00e9hicule, ayant refus\u00e9 de s\u2019arr\u00eater \u00e0 un contr\u00f4le des gendarmes, est depuis dimanche en garde \u00e0 vue. Selon nos informations, il sera d\u00e9f\u00e9r\u00e9 lundi au parquet en vue de l\u2019ouverture d\u2019une information judiciaire et il faisait l\u2019objet d\u2019une suspension de son permis en raison d\u2019une conduite sous stup\u00e9fiants au printemps dernier.<\/p>\n<p class=\"paragraph text_align_left lp-f-body-02\">Apr\u00e8s le refus d\u2019obtemp\u00e9rer aupr\u00e8s des gendarmes, le conducteur a pris de la vitesse avec son v\u00e9hicule et a eu un accident sur un rond-point dans les alentours, au point de pr\u00e9cipiter sa voiture dans un lac attenant, d\u2019apr\u00e8s le parquet de Toulouse.<\/p>\n<p>Deux personnes indemnes<\/p>\n<p class=\"paragraph text_align_left lp-f-body-02\">Cette m\u00eame source pr\u00e9cise que les gendarmes <a href=\"https:\/\/www.leparisien.fr\/faits-divers\/refus-dobtemperer-bruno-retailleau-generalise-la-poursuite-des-vehicules-en-fuite-par-les-forces-de-lordre-20-05-2025-2Z4E7BS6LRD7RM5U34ZVZJNFME.php\" target=\"_blank\" rel=\"noreferrer nofollow noopener\">n\u2019avaient pas engag\u00e9 de course-poursuite<\/a> et qu\u2019ils se trouvaient loin de la voiture au moment du drame. De cet accident, deux des passagers sont ressortis indemne et deux sont d\u00e9c\u00e9d\u00e9s. Les quatre hommes \u00e0 bord du v\u00e9hicule \u00e9taient amis et \u00e2g\u00e9s de 21 \u00e0 24 ans, toujours selon le parquet de Toulouse.<\/p>\n<p class=\"lp-card-podcast-highlighting__title  lp-f-subtitle-05\">[4\/4] L\u2019assassinat du PDG de Renault\u00a0: la sanglante \u00e9pop\u00e9e du groupe Action directe<\/p>\n<p class=\"lp-card-podcast-highlighting__description lp-f-ui-05\">Crime story raconte chaque semaine les grandes affaires criminelles.<\/p>\n<p><a class=\"lp-card-podcast-highlighting__call-to-action\" data-page-type=\"HP\" data-block-name=\"podcast-highlight\">\u00c9couter<\/a><\/p>\n<p class=\"paragraph text_align_left lp-f-body-02\">Si le conducteur a continu\u00e9 sa route malgr\u00e9 la demande des gendarmes, c\u2019est que l\u2019un des passagers l\u2019a convaincu au cours d\u2019une discussion de ne pas s\u2019arr\u00eater selon <a href=\"https:\/\/www.francebleu.fr\/infos\/faits-divers-justice\/une-voiture-tombe-dans-un-lac-a-mauzac-haute-garonne-deux-personnes-tuees-dans-l-accident-8550637\" target=\"_blank\" rel=\"noreferrer nofollow noopener\">Ici Occitanie<\/a>. Le m\u00e9dia local indique \u00e9galement que les passagers fumaient du cannabis au moment du contr\u00f4le de routine par les gendarmes, ce qui pourrait expliquer leur fuite.<\/p>\n<p class=\"paragraph text_align_left lp-f-body-02\">Aucune information ne permet pour l\u2019instant de pr\u00e9ciser si le conducteur, quant \u00e0 lui, \u00e9tait alcoolis\u00e9 ou avait consomm\u00e9 de la drogue. Les r\u00e9sultats des analyses toxicologiques devraient \u00eatre connus ce lundi.<\/p>\n","protected":false},"excerpt":{"rendered":"D\u2019un refus d\u2019obtemp\u00e9rer au drame. Deux jeunes hommes sont d\u00e9c\u00e9d\u00e9s dans un accident au cours de la nuit&hellip;\n","protected":false},"author":2,"featured_media":523505,"comment_status":"","ping_status":"","sticky":false,"template":"","format":"standard","meta":{"footnotes":""},"categories":[4],"tags":[11,459,118,1011,27,12,25],"class_list":{"0":"post-523504","1":"post","2":"type-post","3":"status-publish","4":"format-standard","5":"has-post-thumbnail","7":"category-france","8":"tag-actualites","9":"tag-departements-horsidfo","10":"tag-faits-divers","11":"tag-fr","12":"tag-france","13":"tag-news","14":"tag-republique-francaise"},"share_on_mastodon":{"url":"https:\/\/pubeurope.com\/@fr\/115521698278210781","error":""},"_links":{"self":[{"href":"https:\/\/www.europesays.com\/fr\/wp-json\/wp\/v2\/posts\/523504","targetHints":{"allow":["GET"]}}],"collection":[{"href":"https:\/\/www.europesays.com\/fr\/wp-json\/wp\/v2\/posts"}],"about":[{"href":"https:\/\/www.europesays.com\/fr\/wp-json\/wp\/v2\/types\/post"}],"author":[{"embeddable":true,"href":"https:\/\/www.europesays.com\/fr\/wp-json\/wp\/v2\/users\/2"}],"replies":[{"embeddable":true,"href":"https:\/\/www.europesays.com\/fr\/wp-json\/wp\/v2\/comments?post=523504"}],"version-history":[{"count":0,"href":"https:\/\/www.europesays.com\/fr\/wp-json\/wp\/v2\/posts\/523504\/revisions"}],"wp:featuredmedia":[{"embeddable":true,"href":"https:\/\/www.europesays.com\/fr\/wp-json\/wp\/v2\/media\/523505"}],"wp:attachment":[{"href":"https:\/\/www.europesays.com\/fr\/wp-json\/wp\/v2\/media?parent=523504"}],"wp:term":[{"taxonomy":"category","embeddable":true,"href":"https:\/\/www.europesays.com\/fr\/wp-json\/wp\/v2\/categories?post=523504"},{"taxonomy":"post_tag","embeddable":true,"href":"https:\/\/www.europesays.com\/fr\/wp-json\/wp\/v2\/tags?post=523504"}],"curies":[{"name":"wp","href":"https:\/\/api.w.org\/{rel}","templated":true}]}}