{"id":523508,"date":"2025-11-09T20:47:12","date_gmt":"2025-11-09T20:47:12","guid":{"rendered":"https:\/\/www.europesays.com\/fr\/523508\/"},"modified":"2025-11-09T20:47:12","modified_gmt":"2025-11-09T20:47:12","slug":"ils-remportent-le-50-km-de-saint-heand","status":"publish","type":"post","link":"https:\/\/www.europesays.com\/fr\/523508\/","title":{"rendered":"ils remportent le 50\u00a0km de Saint-H\u00e9and"},"content":{"rendered":"<p>La salle Condelouse de Saint-H\u00e9and s\u2019est transform\u00e9e en une v\u00e9ritable fourmili\u00e8re ce dimanche, \u00e0 l\u2019occasion de la 18e\u00a0 \u00e9dition du trail de Saint-H\u00e9and. Pr\u00e8s 1\u00a0300 coureurs ainsi que 100 b\u00e9n\u00e9voles \u00e9taient rassembl\u00e9s pour l\u2019occasion.<\/p>\n<p>\u00ab\u00a0Je n\u2019ai pas d\u2019objectif pr\u00e9cis, juste de la terminer \u00e7a sera beau\u00a0\u00bb<\/p>\n<p>Sur la distance reine de cette journ\u00e9e d\u2019automne, le 50\u00a0km, chez les hommes, c\u2019est l\u2019in\u00e9vitable Corentin Play qui l\u2019emporte avec plus de 14 minutes d\u2019avance sur son dauphin. Rompu \u00e0 l\u2019exercice, le coureur de 30 ans \u00e9tait&#8230;<\/p>\n","protected":false},"excerpt":{"rendered":"La salle Condelouse de Saint-H\u00e9and s\u2019est transform\u00e9e en une v\u00e9ritable fourmili\u00e8re ce dimanche, \u00e0 l\u2019occasion de la 18e\u00a0&hellip;\n","protected":false},"author":2,"featured_media":523509,"comment_status":"","ping_status":"","sticky":false,"template":"","format":"standard","meta":{"footnotes":""},"categories":[9653],"tags":[1111,11,4132,2430,7539,1777,674,1011,27,12,25,7135,4001,9664,22839,64376,517,6187],"class_list":{"0":"post-523508","1":"post","2":"type-post","3":"status-publish","4":"format-standard","5":"has-post-thumbnail","7":"category-saint-etienne","8":"tag-actu","9":"tag-actualites","10":"tag-athletisme","11":"tag-auvergne-rhone-alpes","12":"tag-edition-loire-sud","13":"tag-eu","14":"tag-europe","15":"tag-fr","16":"tag-france","17":"tag-news","18":"tag-republique-francaise","19":"tag-running","20":"tag-saint-etienne","21":"tag-saint-etienne-bassin","22":"tag-saint-heand","23":"tag-saintelyon","24":"tag-sport","25":"tag-trail"},"share_on_mastodon":{"url":"https:\/\/pubeurope.com\/@fr\/115521706096678217","error":""},"_links":{"self":[{"href":"https:\/\/www.europesays.com\/fr\/wp-json\/wp\/v2\/posts\/523508","targetHints":{"allow":["GET"]}}],"collection":[{"href":"https:\/\/www.europesays.com\/fr\/wp-json\/wp\/v2\/posts"}],"about":[{"href":"https:\/\/www.europesays.com\/fr\/wp-json\/wp\/v2\/types\/post"}],"author":[{"embeddable":true,"href":"https:\/\/www.europesays.com\/fr\/wp-json\/wp\/v2\/users\/2"}],"replies":[{"embeddable":true,"href":"https:\/\/www.europesays.com\/fr\/wp-json\/wp\/v2\/comments?post=523508"}],"version-history":[{"count":0,"href":"https:\/\/www.europesays.com\/fr\/wp-json\/wp\/v2\/posts\/523508\/revisions"}],"wp:featuredmedia":[{"embeddable":true,"href":"https:\/\/www.europesays.com\/fr\/wp-json\/wp\/v2\/media\/523509"}],"wp:attachment":[{"href":"https:\/\/www.europesays.com\/fr\/wp-json\/wp\/v2\/media?parent=523508"}],"wp:term":[{"taxonomy":"category","embeddable":true,"href":"https:\/\/www.europesays.com\/fr\/wp-json\/wp\/v2\/categories?post=523508"},{"taxonomy":"post_tag","embeddable":true,"href":"https:\/\/www.europesays.com\/fr\/wp-json\/wp\/v2\/tags?post=523508"}],"curies":[{"name":"wp","href":"https:\/\/api.w.org\/{rel}","templated":true}]}}