{"id":523511,"date":"2025-11-09T20:49:40","date_gmt":"2025-11-09T20:49:40","guid":{"rendered":"https:\/\/www.europesays.com\/fr\/523511\/"},"modified":"2025-11-09T20:49:40","modified_gmt":"2025-11-09T20:49:40","slug":"meurthe-et-moselle-un-incendie-se-declare-chez-un-fournisseur-de-viande-a-custines-des-dizaines-de-tonnes-a-sauver-en-urgence","status":"publish","type":"post","link":"https:\/\/www.europesays.com\/fr\/523511\/","title":{"rendered":"Meurthe-et-Moselle. Un incendie se d\u00e9clare chez un fournisseur de viande \u00e0 Custines,\u00a0des dizaines de tonnes \u00e0 sauver en urgence"},"content":{"rendered":"<p>Un incendie s\u2019est d\u00e9clar\u00e9 ce dimanche matin, sur les coups de 9\u00a0h dans la zone industrielle Pr\u00e9 \u00e0 Varois de Custines, dans l\u2019entrep\u00f4t de la soci\u00e9t\u00e9 David Master-Chavey. Averti \u00e0 distance par le syst\u00e8me des sondes de temp\u00e9rature de l\u2019entrep\u00f4t, le responsable d\u2019astreinte a alors donn\u00e9 l\u2019alerte avant de se rendre sur lieux.<\/p>\n<p>La fum\u00e9e visible depuis l&rsquo;A31<\/p>\n<p>\u00c9quip\u00e9s d\u2019un fourgon-pompe tonne et de la grande \u00e9chelle, les pompiers de Pompey renforc\u00e9 d\u2019un officier de garde et d\u2019un fourgon de Gentilly \u00e9taient d\u00e9j\u00e0 sur le pont, avertis par des volutes de fum\u00e9e visibles depuis l\u2019autoroute A 31.<\/p>\n<p>Ext\u00e9rieur au b\u00e2timent, le groupe de r\u00e9frig\u00e9ration a effectivement pris feu. Cet \u00e9quipement pourtant r\u00e9cent, de deux ans de service, est \u00e0 pr\u00e9sent hors d\u2019usage malgr\u00e9 la rapide ma\u00eetrise de l\u2019incendie.<\/p>\n<p>Des dizaines de tonnes de stocks \u00e0 sauver<\/p>\n<p>David Master-Chavey, sp\u00e9cialis\u00e9 dans les m\u00e9tiers de bouche, fournit en viande les professionnels de la restauration sur 300\u00a0km \u00e0 la ronde. Actuellement, ce sont plusieurs dizaines de tonnes stock\u00e9es pour lesquelles le directeur de David Master-Chavey doit trouver une solution d\u2019urgence pour les pr\u00e9server.<\/p>\n<p>Une proximit\u00e9 qui interroge<\/p>\n<p>Cet incendie, dont la cause n\u2019a pas \u00e9t\u00e9 encore d\u00e9termin\u00e9e, interroge. Situ\u00e9 au 230, rue de Pr\u00e9 \u00e0 Varois, ce local est situ\u00e9 juste \u00e0 c\u00f4t\u00e9 d\u2019un entrep\u00f4t <a href=\"https:\/\/www.estrepublicain.fr\/faits-divers-justice\/2025\/11\/07\/paprec-apres-l-incendie-la-direction-du-groupe-s-organise-pour-poursuivre-l-activite-et-preserver-l-emploi-de-tous-les-salaries\" target=\"_blank\" rel=\"noopener\">Paprec, entreprise qui a connu en d\u00e9but de semaine un incendie \u00e0 Dieulouard<\/a>, aux origines encore ind\u00e9termin\u00e9es lui aussi.<\/p>\n","protected":false},"excerpt":{"rendered":"Un incendie s\u2019est d\u00e9clar\u00e9 ce dimanche matin, sur les coups de 9\u00a0h dans la zone industrielle Pr\u00e9 \u00e0&hellip;\n","protected":false},"author":2,"featured_media":523512,"comment_status":"","ping_status":"","sticky":false,"template":"","format":"standard","meta":{"footnotes":""},"categories":[9635],"tags":[1111,11,37367,1704,1706,1777,674,274,1011,27,775,1310,3457,1702,12,25],"class_list":{"0":"post-523511","1":"post","2":"type-post","3":"status-publish","4":"format-standard","5":"has-post-thumbnail","7":"category-nancy","8":"tag-actu","9":"tag-actualites","10":"tag-custines","11":"tag-edition-nancy-et-agglomeration","12":"tag-edition-pont-a-mousson","13":"tag-eu","14":"tag-europe","15":"tag-faits-divers-justice","16":"tag-fr","17":"tag-france","18":"tag-grand-est","19":"tag-incendie","20":"tag-meurthe-et-moselle","21":"tag-nancy","22":"tag-news","23":"tag-republique-francaise"},"share_on_mastodon":{"url":"https:\/\/pubeurope.com\/@fr\/115521713805728880","error":""},"_links":{"self":[{"href":"https:\/\/www.europesays.com\/fr\/wp-json\/wp\/v2\/posts\/523511","targetHints":{"allow":["GET"]}}],"collection":[{"href":"https:\/\/www.europesays.com\/fr\/wp-json\/wp\/v2\/posts"}],"about":[{"href":"https:\/\/www.europesays.com\/fr\/wp-json\/wp\/v2\/types\/post"}],"author":[{"embeddable":true,"href":"https:\/\/www.europesays.com\/fr\/wp-json\/wp\/v2\/users\/2"}],"replies":[{"embeddable":true,"href":"https:\/\/www.europesays.com\/fr\/wp-json\/wp\/v2\/comments?post=523511"}],"version-history":[{"count":0,"href":"https:\/\/www.europesays.com\/fr\/wp-json\/wp\/v2\/posts\/523511\/revisions"}],"wp:featuredmedia":[{"embeddable":true,"href":"https:\/\/www.europesays.com\/fr\/wp-json\/wp\/v2\/media\/523512"}],"wp:attachment":[{"href":"https:\/\/www.europesays.com\/fr\/wp-json\/wp\/v2\/media?parent=523511"}],"wp:term":[{"taxonomy":"category","embeddable":true,"href":"https:\/\/www.europesays.com\/fr\/wp-json\/wp\/v2\/categories?post=523511"},{"taxonomy":"post_tag","embeddable":true,"href":"https:\/\/www.europesays.com\/fr\/wp-json\/wp\/v2\/tags?post=523511"}],"curies":[{"name":"wp","href":"https:\/\/api.w.org\/{rel}","templated":true}]}}