{"id":523521,"date":"2025-11-09T20:59:25","date_gmt":"2025-11-09T20:59:25","guid":{"rendered":"https:\/\/www.europesays.com\/fr\/523521\/"},"modified":"2025-11-09T20:59:25","modified_gmt":"2025-11-09T20:59:25","slug":"lasptt-caen-tombe-pour-la-premiere-fois-de-la-saison-a-rouen","status":"publish","type":"post","link":"https:\/\/www.europesays.com\/fr\/523521\/","title":{"rendered":"l&rsquo;ASPTT Caen tombe pour la premi\u00e8re fois de la saison \u00e0 Rouen"},"content":{"rendered":"<p>            Par<br \/>\n        <strong><br \/>\n            <a href=\"https:\/\/actu.fr\/auteur\/aline-chatel\" title=\"Consulter tous les articles de Aline Chatel\" target=\"_blank\" rel=\"noopener\">Aline Chatel<\/a><br \/>\n        <\/strong><\/p>\n<p>        Publi\u00e9 le<\/p>\n<p>            9 nov. 2025 \u00e0 9h50        <\/p>\n<p>Fin de s\u00e9rie brutale pour l\u2019ASPTT Caen ! Le club rel\u00e9gu\u00e9 de National 3 n\u2019est plus invaincu \u2013 Coupe de France et championnat confondus \u2013 depuis son d\u00e9placement \u00e0 Rouen, pour y affronter la r\u00e9serve du FCR, samedi 8 novembre 2025. Les PTT ont eu beau <b>ouvrir le score d\u00e8s la troisi\u00e8me minute de jeu par Evan Olivier<\/b>, ils ont perdu 4-1 chez le leader de R\u00e9gional 1. \u00ab\u00a0On s\u2019est fait marcher dessus\u00a0\u00bb, reconna\u00eet Laurent Dufour.<\/p>\n<p>Sofiane Na\u00efli, la (grosse) tuile pour les PTT<\/p>\n<p class=\" wall-content\">L\u2019entra\u00eeneur postier aurait pu l\u2019expliquer par l\u2019absence de son ma\u00eetre \u00e0 jouer, <b>Sofiane Na\u00efli<\/b>, victime d\u2019une entorse du genou durant la semaine qui devrait l\u2019\u00e9loigner des terrains jusqu\u2019\u00e0 la fin de l\u2019ann\u00e9e civile. Il aurait aussi pu arguer de la blessure de Sami Laabiss la veille du match et de l\u2019indisponibilit\u00e9 aussi tardive de Ma\u00ebl Thomas, malade. Il a plut\u00f4t rendu hommage \u00e0 un adversaire <b>tout simplement sup\u00e9rieur,<\/b> au moins le temps de cette rencontre.<\/p>\n<blockquote class=\"ac-article-quote wall-content\">\n<p>On a eu en face de nous une \u00e9quipe qui avait plus envie dans l\u2019agressivit\u00e9. On n\u2019a pas su r\u00e9pondre au d\u00e9fi. Leur victoire est amplement m\u00e9rit\u00e9e.\u00a0<\/p>\n<p>Laurent Dufour, entra\u00eeneur de l\u2019ASPTT Caen<\/p><\/blockquote>\n<p class=\" wall-content\">N\u00e9anmoins, \u00ab\u00a0le score est un peu s\u00e9v\u00e8re\u00a0\u00bb puisqu\u2019\u00e0 2-1, <b>l\u2019ASPTT Caen a eu les occasions d\u2019\u00e9galiser<\/b>. Sur la derni\u00e8re opportunit\u00e9 d\u2019y parvenir, Rouen a fait le break. \u00ab\u00a0C\u2019est le tournant du match.\u00a0\u00bb Juste avant la mi-temps, les locaux menaient 3-1 (21\u2032, 40\u2032, 44\u2032). \u00c0 la pause, les Postiers avaient d\u00e9j\u00e0 re\u00e7u trois cartons jaunes, \u00e0 une semaine du septi\u00e8me tour de la Coupe de France.\u00a0<\/p>\n<p>\u00ab\u00a0On n\u2019a pas su r\u00e9pondre \u00e0 l\u2019intensit\u00e9\u00a0\u00bb<\/p>\n<p class=\" wall-content\">C\u2019est \u00e0 la suite d\u2019un deuxi\u00e8me avertissement que <b>Maxandre Gosset a \u00e9t\u00e9 pri\u00e9 de rejoindre le vestiaire<\/b>, peu apr\u00e8s l\u2019heure de jeu (64\u2032). Le pilier de la d\u00e9fense centrale a laiss\u00e9 ses partenaires \u00e0 dix et sera priv\u00e9 du d\u00e9placement \u00e0 Yvetot. Sans lui, la messe \u00e9tait dite.\u00a0<\/p>\n<blockquote class=\"ac-article-quote wall-content\">\n<p>On a essay\u00e9 de faire ce qu\u2019il fallait mais on n\u2019a pas su r\u00e9pondre \u00e0 l\u2019intensit\u00e9 adverse. Ce n\u2019\u00e9tait pas le bon moment pour les jouer.\u00a0<\/p>\n<p>Laurent Dufour, entra\u00eeneur de l\u2019ASPTT Caen<\/p><\/blockquote>\n<p>Votre r\u00e9gion, votre actu !<\/p>\n<p>Recevez chaque jour les infos qui comptent pour vous.<\/p>\n<p>\t<a href=\"https:\/\/actu.fr\/newsletter\" class=\"ac-btn ac-btn--corner ac-btn--medium ac-btn--blue800\" target=\"_blank\" rel=\"noopener\">S&rsquo;incrire<\/a><\/p>\n<p class=\" wall-content\">L\u2019ASPTT Caen restait sur quatre victoires \u00e9clatantes et <a href=\"https:\/\/actu.fr\/normandie\/caen_14118\/football-a-la-moindre-occase-on-marque-lasptt-caen-atomise-granville-et-marche-sur-leau-en-regional-1_63383283.html\" target=\"_blank\" rel=\"noopener\">un 7-1 devant Granville<\/a>. \u00ab\u00a0On est tomb\u00e9 sur une \u00e9quipe qui avait beaucoup de certitudes et un projet de jeu tr\u00e8s agressif, avec <b>une\u00a0dimension athl\u00e9tique qu\u2019on n\u2019avait pas l\u2019habitude d\u2019avoir <\/b>depuis le d\u00e9but de championnat. On n\u2019\u00e9tait pas pr\u00eat et la d\u00e9faite est plus que logique. On ne s\u2019attendait pas \u00e0 <b>se faire rentrer dedans<\/b> comme on s\u2019est fait rentrer dedans.\u00a0\u00bb<\/p>\n<p>La coupe pour se remobiliser<\/p>\n<p class=\" wall-content\">L\u2019ASPTT Caen est quatri\u00e8me de R\u00e9gional 1 derri\u00e8re Rouen, Granville et l\u2019AG Caen. \u00ab\u00a0C\u2019est<b> toujours emb\u00eatant parce qu\u2019on a envie de rester l\u00e0-haut <\/b>pour jouer quelque chose de sympa, commente Laurent Dufour. Perdre de cette mani\u00e8re en encaissant quatre buts, c\u2019est encore plus dommageable. C\u2019est la v\u00e9rit\u00e9 de ce soir. La semaine derni\u00e8re, on \u00e9tait euphorique et il ne fallait pas s\u2019enflammer. On ne va pas dramatiser. On a pris une le\u00e7on, <b>on va se remobiliser<\/b>.\u00a0\u00bb La perspective du septi\u00e8me tour de Coupe de France face \u00e0 Yvetot (R1), samedi 15 novembre 2025, va permettre de passer rapidement \u00e0 autre chose.<\/p>\n<p class=\" wall-content\">Personnalisez votre actualit\u00e9 en ajoutant vos villes et m\u00e9dias en favori avec <a href=\"https:\/\/moncompte.actu.fr\" title=\"D\u00e9couvez Mon Actu\" rel=\"nofollow noopener\" data-trk=\"{&quot;cta&quot;:{&quot;action&quot;:&quot;https:\\\/\\\/moncompte.actu.fr&quot;,&quot;category&quot;:&quot;mon compte&quot;,&quot;from&quot;:&quot;article footer&quot;,&quot;name&quot;:&quot;Mon actu&quot;,&quot;type&quot;:&quot;cta&quot;}}\" target=\"_blank\">Mon Actu<\/a>.<\/p>\n","protected":false},"excerpt":{"rendered":"Par Aline Chatel Publi\u00e9 le 9 nov. 2025 \u00e0 9h50 Fin de s\u00e9rie brutale pour l\u2019ASPTT Caen !&hellip;\n","protected":false},"author":2,"featured_media":523522,"comment_status":"","ping_status":"","sticky":false,"template":"","format":"standard","meta":{"footnotes":""},"categories":[9587],"tags":[1111,11,1777,674,25068,63,1011,27,12,5161,50773,25,9590,1745,60],"class_list":{"0":"post-523521","1":"post","2":"type-post","3":"status-publish","4":"format-standard","5":"has-post-thumbnail","7":"category-rouen","8":"tag-actu","9":"tag-actualites","10":"tag-eu","11":"tag-europe","12":"tag-foot-normandie","13":"tag-football","14":"tag-fr","15":"tag-france","16":"tag-news","17":"tag-normandie","18":"tag-regional-1","19":"tag-republique-francaise","20":"tag-rouen","21":"tag-sport-caen","22":"tag-sports"},"share_on_mastodon":{"url":"https:\/\/pubeurope.com\/@fr\/115521753268125989","error":""},"_links":{"self":[{"href":"https:\/\/www.europesays.com\/fr\/wp-json\/wp\/v2\/posts\/523521","targetHints":{"allow":["GET"]}}],"collection":[{"href":"https:\/\/www.europesays.com\/fr\/wp-json\/wp\/v2\/posts"}],"about":[{"href":"https:\/\/www.europesays.com\/fr\/wp-json\/wp\/v2\/types\/post"}],"author":[{"embeddable":true,"href":"https:\/\/www.europesays.com\/fr\/wp-json\/wp\/v2\/users\/2"}],"replies":[{"embeddable":true,"href":"https:\/\/www.europesays.com\/fr\/wp-json\/wp\/v2\/comments?post=523521"}],"version-history":[{"count":0,"href":"https:\/\/www.europesays.com\/fr\/wp-json\/wp\/v2\/posts\/523521\/revisions"}],"wp:featuredmedia":[{"embeddable":true,"href":"https:\/\/www.europesays.com\/fr\/wp-json\/wp\/v2\/media\/523522"}],"wp:attachment":[{"href":"https:\/\/www.europesays.com\/fr\/wp-json\/wp\/v2\/media?parent=523521"}],"wp:term":[{"taxonomy":"category","embeddable":true,"href":"https:\/\/www.europesays.com\/fr\/wp-json\/wp\/v2\/categories?post=523521"},{"taxonomy":"post_tag","embeddable":true,"href":"https:\/\/www.europesays.com\/fr\/wp-json\/wp\/v2\/tags?post=523521"}],"curies":[{"name":"wp","href":"https:\/\/api.w.org\/{rel}","templated":true}]}}