{"id":523524,"date":"2025-11-09T21:01:38","date_gmt":"2025-11-09T21:01:38","guid":{"rendered":"https:\/\/www.europesays.com\/fr\/523524\/"},"modified":"2025-11-09T21:01:38","modified_gmt":"2025-11-09T21:01:38","slug":"les-confidences-de-florian-thauvin-sur-son-passage-au-gf38","status":"publish","type":"post","link":"https:\/\/www.europesays.com\/fr\/523524\/","title":{"rendered":"les confidences de Florian Thauvin sur son passage au GF38"},"content":{"rendered":"<p><a href=\"https:\/\/www.ledauphine.com\/sport\/2025\/08\/16\/on-voit-de-moins-en-moins-ce-genre-de-profil-florian-thauvin-l-attraction-lensoise\" target=\"_blank\" rel=\"noopener\">Auteur d&rsquo;une bonne premi\u00e8re partie de saison en Ligue 1<\/a> apr\u00e8s un passage tr\u00e8s r\u00e9ussi \u00e0 Udinese, Florian Thauvin a fait <a href=\"https:\/\/www.ledauphine.com\/sport\/2025\/10\/11\/comme-un-enfant-le-retour-de-reve-de-florian-thauvin-en-equipe-de-france\" target=\"_blank\" rel=\"noopener\">son retour en \u00e9quipe de France<\/a> lors du dernier rassemblement durant lequel il a marqu\u00e9 face \u00e0 l&rsquo;Azerba\u00efdjan (3-0). Des prestations qui attisent les sollicitations m\u00e9diatiques. Derni\u00e8rement, c&rsquo;est le magazine So Foot qui lui a consacr\u00e9 une interview et m\u00eame la Une.<\/p>\n<p>Durant cet entretien, le champion du monde 2018 est revenu sur son passage \u00e0 Grenoble notamment son arriv\u00e9e qui n&rsquo;a pas \u00e9t\u00e9 facilit\u00e9 par une blessure au dos. \u00ab\u00a0\u00c7a a \u00e9t\u00e9 terrible. J&rsquo;avais sign\u00e9 un contrat d&rsquo;aspirant de trois ans, donc j&rsquo;avais du temps pour me remettre, mais ma plus grande peur, c&rsquo;\u00e9tait de ne pas pouvoir sortir de cette blessure\u00a0\u00bb, explique-t-il.\u00a0<\/p>\n<p><strong><a href=\"https:\/\/www.ledauphine.com\/sport\/2025\/10\/07\/premiere-selection-premier-but-coupe-du-monde-2018-les-cinq-dates-marquantes-de-florian-thauvin-avec-l-equipe-de-france\" target=\"_blank\" rel=\"noopener\">&gt;&gt; Premi\u00e8re s\u00e9lection, premier but, Coupe du monde 2018&#8230; Les cinq dates marquantes de Florian Thauvin avec l&rsquo;\u00e9quipe de France<\/a><\/strong><\/p>\n<p>\u00ab J&rsquo;avais besoin de jouer\u00a0\u00bb<\/p>\n<p>Une fois remis, Florian Thauvin a pu prendre part \u00e0 son premier entra\u00eenement avec le groupe pro. Une premi\u00e8re qui n&rsquo;est pas pass\u00e9e inaper\u00e7ue. Auteur d&rsquo;un coup du sombrero \u00e0 Nicolas Dieuze, l&rsquo;attaquant se fait d\u00e9couper par son vis-\u00e0-vis. Si Yvon Pouliquen, l&rsquo;entra\u00eeneur is\u00e9rois de l&rsquo;\u00e9poque, lui demande de respecter les anciens du vestiaire, il lui dit aussi de rester lui-m\u00eame sur le terrain.<\/p>\n<p>Une lib\u00e9ration pour celui qui voit malgr\u00e9 tout son club formateur s&rsquo;effondrer. Pour autant, il disposait de nombreuses sollicitations. \u00ab\u00a0J&rsquo;avais commenc\u00e9 \u00e0 jouer en pro, connu l&rsquo;\u00e9quipe de France jeunes, \u00e7a attire l&rsquo;attention des plus grands clubs. Rennes, Monaco, Lyon me voulaient, mais je savais que j&rsquo;avais besoin de jouer, \u00e0 cet \u00e2ge. Si j&rsquo;ai choisi Bastia \u00e0 l&rsquo;\u00e9poque, c&rsquo;est parce que Pierre-Paul Antonetti me promet un contrat pro et du temps de jeu.\u00a0\u00bb<\/p>\n","protected":false},"excerpt":{"rendered":"Auteur d&rsquo;une bonne premi\u00e8re partie de saison en Ligue 1 apr\u00e8s un passage tr\u00e8s r\u00e9ussi \u00e0 Udinese, Florian&hellip;\n","protected":false},"author":2,"featured_media":523525,"comment_status":"","ping_status":"","sticky":false,"template":"","format":"standard","meta":{"footnotes":""},"categories":[9566],"tags":[1111,11,2430,112,1777,674,1701,63,1011,27,12637,2731,2732,108,7020,12636,12,25,273,517,1947],"class_list":{"0":"post-523524","1":"post","2":"type-post","3":"status-publish","4":"format-standard","5":"has-post-thumbnail","7":"category-grenoble","8":"tag-actu","9":"tag-actualites","10":"tag-auvergne-rhone-alpes","11":"tag-edition-grenoble-agglomeration","12":"tag-eu","13":"tag-europe","14":"tag-fil-info-sport","15":"tag-football","16":"tag-fr","17":"tag-france","18":"tag-gf38-grenoble-foot-38","19":"tag-grenoble","20":"tag-grenoble-bassin","21":"tag-isere","22":"tag-ligue-1-football","23":"tag-ligue-2-football","24":"tag-news","25":"tag-republique-francaise","26":"tag-selection-de-la-redaction","27":"tag-sport","28":"tag-sport-national"},"share_on_mastodon":{"url":"https:\/\/pubeurope.com\/@fr\/115521760986921557","error":""},"_links":{"self":[{"href":"https:\/\/www.europesays.com\/fr\/wp-json\/wp\/v2\/posts\/523524","targetHints":{"allow":["GET"]}}],"collection":[{"href":"https:\/\/www.europesays.com\/fr\/wp-json\/wp\/v2\/posts"}],"about":[{"href":"https:\/\/www.europesays.com\/fr\/wp-json\/wp\/v2\/types\/post"}],"author":[{"embeddable":true,"href":"https:\/\/www.europesays.com\/fr\/wp-json\/wp\/v2\/users\/2"}],"replies":[{"embeddable":true,"href":"https:\/\/www.europesays.com\/fr\/wp-json\/wp\/v2\/comments?post=523524"}],"version-history":[{"count":0,"href":"https:\/\/www.europesays.com\/fr\/wp-json\/wp\/v2\/posts\/523524\/revisions"}],"wp:featuredmedia":[{"embeddable":true,"href":"https:\/\/www.europesays.com\/fr\/wp-json\/wp\/v2\/media\/523525"}],"wp:attachment":[{"href":"https:\/\/www.europesays.com\/fr\/wp-json\/wp\/v2\/media?parent=523524"}],"wp:term":[{"taxonomy":"category","embeddable":true,"href":"https:\/\/www.europesays.com\/fr\/wp-json\/wp\/v2\/categories?post=523524"},{"taxonomy":"post_tag","embeddable":true,"href":"https:\/\/www.europesays.com\/fr\/wp-json\/wp\/v2\/tags?post=523524"}],"curies":[{"name":"wp","href":"https:\/\/api.w.org\/{rel}","templated":true}]}}