{"id":523526,"date":"2025-11-09T21:03:11","date_gmt":"2025-11-09T21:03:11","guid":{"rendered":"https:\/\/www.europesays.com\/fr\/523526\/"},"modified":"2025-11-09T21:03:11","modified_gmt":"2025-11-09T21:03:11","slug":"le-cn-brest-et-le-cpb-rennes-dominent-les-interclubs-a-brest","status":"publish","type":"post","link":"https:\/\/www.europesays.com\/fr\/523526\/","title":{"rendered":"Le\u00a0CN Brest et le CPB Rennes dominent les Interclubs \u00e0 Brest"},"content":{"rendered":"<p>Natation. Interclubs de Bretagne<\/p>\n<p>La piscine Foch accueillait les interclubs r\u00e9gionaux de Bretagne dans une chaude ambiance. Les gradins \u00e9taient remplis samedi par les 320 nageurs et leurs supporters. Rennais et Brestois se faisaient face de part et d\u2019autre du bassin. Aux bruits des tambours et corne de brumes, les meilleurs nageurs de la r\u00e9gion \u00e9taient r\u00e9unis avec 16 clubs pr\u00e9sents. Le directeur du CN Brest, Tony Pouliquen, se montrait satisfait : \u00ab on est ravi d\u2019accueillir les interclubs \u00e0 Brest pour la premi\u00e8re fois depuis 4 ans. Je pense que c\u2019est la piscine qui s\u2019y pr\u00eate le mieux en Bretagne en termes d\u2019accueil et d\u2019ambiance. \u00bb<\/p>\n<p>Un duel Brest-Rennes<\/p>\n<p>Au niveau sportif, on assistait, comme attendu \u00e0 un duel entre Rennes et Brest chez les hommes et une domination net des Brestoises chez les f\u00e9minines, leurs deux \u00e9quipes occupant les deux premi\u00e8res places du classement : \u00ab On avait des attentes chez les filles, ce qui nous int\u00e9resse, c\u2019est le classement national \u00bb, indiquait Tony Pouliquen. Le CPB Rennes terminait donc premier du classement par \u00e9quipes gr\u00e2ce aux relais victorieux : \u00ab Tout va bien pour moi, il y a une super ambiance, j\u2019ai am\u00e9lior\u00e9 mes temps et l\u2019\u00e9quipe termine premi\u00e8re \u00bb, confiait Marin Debril, (CPB Rennes) vainqueur sur les 100 m papillon et sur le relais 4&#215;200 m nage libre. \u00ab On est content d\u2019accueillir le top r\u00e9gional, c\u2019est une des rares comp\u00e9titions o\u00f9 on retrouve toute cette cat\u00e9gorie de nageur ensemble \u00bb. On notait la pr\u00e9sence du m\u00e9daill\u00e9 aux championnats du monde, Yann le Goff (CPB Rennes) qui battait le record de Bretagne sur 200 m 4 nages, ou encore la championne paralympique Emmeline Pierre (CN Brest).<\/p>\n<p class=\"titre-tech\">Les r\u00e9sultats<\/p>\n<p class=\"tech\"><strong class=\"tech\">Hommes :<\/strong><\/p>\n<p class=\"tech\">1. CPB Rennes : 16 788 points<\/p>\n<p class=\"tech\">4. CNP Loud\u00e9ac : 13 773<\/p>\n<p class=\"tech\">5. Vannes Agglo Natation : 13 635<\/p>\n<p class=\"tech\"><strong class=\"tech\">Femmes :<\/strong><\/p>\n<p class=\"tech\">1. CN Brest : 15 417 points<\/p>\n<p class=\"tech\">2. CN Brest 2 : 13 756<\/p>\n<p class=\"tech\">3. CPB Rennes : 13 385<\/p>\n<p class=\"tech\">4. Vannes Agglo Natation : 12 675<\/p>\n<p class=\"tech\">5. Saint-Malo Natation : 12 464<\/p>\n","protected":false},"excerpt":{"rendered":"Natation. Interclubs de Bretagne La piscine Foch accueillait les interclubs r\u00e9gionaux de Bretagne dans une chaude ambiance. Les&hellip;\n","protected":false},"author":2,"featured_media":523527,"comment_status":"","ping_status":"","sticky":false,"template":"","format":"standard","meta":{"footnotes":""},"categories":[2821],"tags":[1111,11,3450,829,3166,1777,674,1011,27,5216,12,584,25,60],"class_list":{"0":"post-523526","1":"post","2":"type-post","3":"status-publish","4":"format-standard","5":"has-post-thumbnail","7":"category-rennes","8":"tag-actu","9":"tag-actualites","10":"tag-brest","11":"tag-bretagne","12":"tag-en-continu-sports","13":"tag-eu","14":"tag-europe","15":"tag-fr","16":"tag-france","17":"tag-natation","18":"tag-news","19":"tag-rennes","20":"tag-republique-francaise","21":"tag-sports"},"share_on_mastodon":{"url":"https:\/\/pubeurope.com\/@fr\/115521769067108928","error":""},"_links":{"self":[{"href":"https:\/\/www.europesays.com\/fr\/wp-json\/wp\/v2\/posts\/523526","targetHints":{"allow":["GET"]}}],"collection":[{"href":"https:\/\/www.europesays.com\/fr\/wp-json\/wp\/v2\/posts"}],"about":[{"href":"https:\/\/www.europesays.com\/fr\/wp-json\/wp\/v2\/types\/post"}],"author":[{"embeddable":true,"href":"https:\/\/www.europesays.com\/fr\/wp-json\/wp\/v2\/users\/2"}],"replies":[{"embeddable":true,"href":"https:\/\/www.europesays.com\/fr\/wp-json\/wp\/v2\/comments?post=523526"}],"version-history":[{"count":0,"href":"https:\/\/www.europesays.com\/fr\/wp-json\/wp\/v2\/posts\/523526\/revisions"}],"wp:featuredmedia":[{"embeddable":true,"href":"https:\/\/www.europesays.com\/fr\/wp-json\/wp\/v2\/media\/523527"}],"wp:attachment":[{"href":"https:\/\/www.europesays.com\/fr\/wp-json\/wp\/v2\/media?parent=523526"}],"wp:term":[{"taxonomy":"category","embeddable":true,"href":"https:\/\/www.europesays.com\/fr\/wp-json\/wp\/v2\/categories?post=523526"},{"taxonomy":"post_tag","embeddable":true,"href":"https:\/\/www.europesays.com\/fr\/wp-json\/wp\/v2\/tags?post=523526"}],"curies":[{"name":"wp","href":"https:\/\/api.w.org\/{rel}","templated":true}]}}