{"id":523537,"date":"2025-11-09T21:09:11","date_gmt":"2025-11-09T21:09:11","guid":{"rendered":"https:\/\/www.europesays.com\/fr\/523537\/"},"modified":"2025-11-09T21:09:11","modified_gmt":"2025-11-09T21:09:11","slug":"une-bagarre-entre-detenus-une-rixe-a-larme-blanche-a-la-prison-de-nantes-fait-cinq-blesses","status":"publish","type":"post","link":"https:\/\/www.europesays.com\/fr\/523537\/","title":{"rendered":"\u00ab Une bagarre entre d\u00e9tenus \u00bb : une rixe \u00e0 l\u2019arme blanche \u00e0 la prison de Nantes fait cinq bless\u00e9s"},"content":{"rendered":"<p class=\"paragraph text_align_left lp-f-body-02\">Une rixe \u00e0 l\u2019arme blanche a fait cinq bless\u00e9s l\u00e9gers dimanche apr\u00e8s-midi parmi des d\u00e9tenus de la maison d\u2019arr\u00eat de Nantes, a-t-on appris de sources concordantes.<\/p>\n<p class=\"paragraph text_align_left lp-f-body-02\">Les pompiers sont intervenus \u00ab pour une rixe avec armes blanches \u00bb \u00e0 la maison d\u2019arr\u00eat de Nantes, avec cinq d\u00e9tenus impliqu\u00e9s, dont quatre l\u00e9g\u00e8rement bless\u00e9s qui ont \u00e9t\u00e9 transport\u00e9s au CHU de Nantes, a annonc\u00e9 le service d\u2019incendie et de secours (SDIS) de Loire-Atlantique.<\/p>\n<p class=\"paragraph text_align_left lp-f-body-02\">La direction interr\u00e9gionale des services p\u00e9nitentiaires a confirm\u00e9 \u00e0 l\u2019AFP qu\u2019une rixe avait fait cinq bless\u00e9s l\u00e9gers, sans pouvoir \u00e0 ce stade en pr\u00e9ciser le contexte ou la nature de l\u2019arme utilis\u00e9e.<\/p>\n<p>\u00ab C\u2019est tr\u00e8s compliqu\u00e9 actuellement \u00bb<\/p>\n<p class=\"paragraph text_align_left lp-f-body-02\">La \u00ab bagarre entre d\u00e9tenus \u00bb a \u00e9clat\u00e9 dans la cour de promenade de la maison d\u2019arr\u00eat, peu apr\u00e8s 15 heures, selon William Cozic, d\u00e9l\u00e9gu\u00e9 syndical Force Ouvri\u00e8re Justice \u00e0 la prison de Nantes. La situation restait \u00ab tr\u00e8s tendue \u00bb en fin d\u2019apr\u00e8s-midi, la promenade ayant d\u00fb \u00eatre annul\u00e9e \u00e0 la suite de ces violences, a ajout\u00e9 M. Cozic.<\/p>\n<p class=\"lp-card-podcast-highlighting__title  lp-f-subtitle-05\">[4\/4] L\u2019assassinat du PDG de Renault\u00a0: la sanglante \u00e9pop\u00e9e du groupe Action directe<\/p>\n<p class=\"lp-card-podcast-highlighting__description lp-f-ui-05\">Crime story raconte chaque semaine les grandes affaires criminelles.<\/p>\n<p><a class=\"lp-card-podcast-highlighting__call-to-action\" data-page-type=\"HP\" data-block-name=\"podcast-highlight\">\u00c9couter<\/a><\/p>\n<p class=\"paragraph text_align_left lp-f-body-02\">\u00ab Je ne connais pas la nature de la lame utilis\u00e9e aujourd\u2019hui (dimanche) mais les bagarres entre d\u00e9tenus \u00e7a devient de plus en plus courant, et on retrouve r\u00e9guli\u00e8rement des couteaux en c\u00e9ramique \u00bb qui ne d\u00e9clenchent pas les d\u00e9tecteurs de m\u00e9taux, en plus des lames artisanales, explique le responsable syndical.<\/p>\n<p class=\"paragraph text_align_left lp-f-body-02\">\u00ab Il y a aussi tous les trafics, avec des livraisons par drone et des projections quasi quotidiennes. C\u2019est tr\u00e8s compliqu\u00e9 actuellement et la surpopulation n\u2019aide pas \u00bb, souligne-t-il. Selon lui, cette surpopulation a atteint cette semaine \u00ab de nouveaux sommets \u00bb \u00e0 la maison d\u2019arr\u00eat de Nantes: \u00ab entre le quartier arrivant, le quartier disciplinaire et le b\u00e2timent hommes, on arrivait \u00e0 860 d\u00e9tenus pour 420 places \u00bb.<\/p>\n","protected":false},"excerpt":{"rendered":"Une rixe \u00e0 l\u2019arme blanche a fait cinq bless\u00e9s l\u00e9gers dimanche apr\u00e8s-midi parmi des d\u00e9tenus de la maison&hellip;\n","protected":false},"author":2,"featured_media":523538,"comment_status":"","ping_status":"","sticky":false,"template":"","format":"standard","meta":{"footnotes":""},"categories":[2818],"tags":[1111,11,459,1777,674,118,1011,27,766,12,2636,25],"class_list":{"0":"post-523537","1":"post","2":"type-post","3":"status-publish","4":"format-standard","5":"has-post-thumbnail","7":"category-nantes","8":"tag-actu","9":"tag-actualites","10":"tag-departements-horsidfo","11":"tag-eu","12":"tag-europe","13":"tag-faits-divers","14":"tag-fr","15":"tag-france","16":"tag-nantes","17":"tag-news","18":"tag-pays-de-la-loire","19":"tag-republique-francaise"},"share_on_mastodon":{"url":"https:\/\/pubeurope.com\/@fr\/115521792485829467","error":""},"_links":{"self":[{"href":"https:\/\/www.europesays.com\/fr\/wp-json\/wp\/v2\/posts\/523537","targetHints":{"allow":["GET"]}}],"collection":[{"href":"https:\/\/www.europesays.com\/fr\/wp-json\/wp\/v2\/posts"}],"about":[{"href":"https:\/\/www.europesays.com\/fr\/wp-json\/wp\/v2\/types\/post"}],"author":[{"embeddable":true,"href":"https:\/\/www.europesays.com\/fr\/wp-json\/wp\/v2\/users\/2"}],"replies":[{"embeddable":true,"href":"https:\/\/www.europesays.com\/fr\/wp-json\/wp\/v2\/comments?post=523537"}],"version-history":[{"count":0,"href":"https:\/\/www.europesays.com\/fr\/wp-json\/wp\/v2\/posts\/523537\/revisions"}],"wp:featuredmedia":[{"embeddable":true,"href":"https:\/\/www.europesays.com\/fr\/wp-json\/wp\/v2\/media\/523538"}],"wp:attachment":[{"href":"https:\/\/www.europesays.com\/fr\/wp-json\/wp\/v2\/media?parent=523537"}],"wp:term":[{"taxonomy":"category","embeddable":true,"href":"https:\/\/www.europesays.com\/fr\/wp-json\/wp\/v2\/categories?post=523537"},{"taxonomy":"post_tag","embeddable":true,"href":"https:\/\/www.europesays.com\/fr\/wp-json\/wp\/v2\/tags?post=523537"}],"curies":[{"name":"wp","href":"https:\/\/api.w.org\/{rel}","templated":true}]}}