{"id":523549,"date":"2025-11-09T21:16:17","date_gmt":"2025-11-09T21:16:17","guid":{"rendered":"https:\/\/www.europesays.com\/fr\/523549\/"},"modified":"2025-11-09T21:16:17","modified_gmt":"2025-11-09T21:16:17","slug":"jordan-bardella-a-marseille-pour-une-seance-de-dedicaces","status":"publish","type":"post","link":"https:\/\/www.europesays.com\/fr\/523549\/","title":{"rendered":"Jordan Bardella \u00e0 Marseille pour une s\u00e9ance de d\u00e9dicaces"},"content":{"rendered":"<p>Ils voulaient \u00eatre dans les premiers. Alexandre et Cl\u00e9ment ont mis le r\u00e9veil t\u00f4t, ce samedi, pour ne pas louper Jordan Bardella \u00e0 Marseille. D&rsquo;Allauch, les ados de 15 ans sont arriv\u00e9s \u00e0 9 h 45, devant le Florida Palace (10e), o\u00f9 le pr\u00e9sident du Rassemblement national venait <a href=\"https:\/\/www.laprovence.com\/article\/politique\/2030120895933214\/jordan-bardella-le-president-du-rn-en-dedicace-a-marseille-ce-samedi-8-novembre\" target=\"_blank\" rel=\"noopener\">d\u00e9dicacer son deuxi\u00e8me livre<\/a> en moins d&rsquo;un an, <a href=\"https:\/\/www.laprovence.com\/article\/politique\/1956881884864814\/jordan-bardella-devoile-son-deuxieme-livre-ce-que-veulent-les-francais-sortira-le-29-octobre\" target=\"_blank\" rel=\"noopener\">Ce que veulent les Fran\u00e7ais<\/a> (Fayard). Les coll\u00e9giens ont trouv\u00e9 porte close et sont repartis, pour revenir \u00e0 la mi-journ\u00e9e. \u00ab\u00a0On veut lui dire notre soutien. Il d\u00e9gage une certaine droiture, il respecte les services publics, notamment les forces de l&rsquo;ordre, il donne la priorit\u00e9 aux Fran\u00e7ais et il comprend la jeunesse d&rsquo;aujourd&rsquo;hui\u00a0\u00bb, disent-ils.<\/p>\n<p>Dans la file, pour passer le temps, Magali et Alicia discutent avec d&rsquo;autres sympathisants. La m\u00e8re et la fille, 43 et 24 ans, sont d&rsquo;Aubagne. \u00ab\u00a0On gagne moins que les gens qui ne travaillent pas et on vit dans l&rsquo;ins\u00e9curit\u00e9 totale\u00a0\u00bb, d\u00e9noncent l&rsquo;esth\u00e9ticienne et la responsable RH. Ce qu&rsquo;elles aiment chez Jordan Bardella c&rsquo;est \u00ab\u00a0sa prestance, son aplomb, sa mani\u00e8re simple et pos\u00e9e de parler\u00a0\u00bb. Et il leur donne de \u00ab\u00a0l&rsquo;espoir\u00a0\u00bb.<\/p>\n<p>\u00ab\u00a0Il se d\u00e9tache de la famille Le Pen\u00a0\u00bb<\/p>\n<p>Derri\u00e8re, Carla et Val\u00e9rie opinent de la t\u00eate. \u00ab\u00a0Cet homme a la facult\u00e9 \u00e0 &#8230;<\/p>\n","protected":false},"excerpt":{"rendered":"Ils voulaient \u00eatre dans les premiers. Alexandre et Cl\u00e9ment ont mis le r\u00e9veil t\u00f4t, ce samedi, pour ne&hellip;\n","protected":false},"author":2,"featured_media":523550,"comment_status":"","ping_status":"","sticky":false,"template":"","format":"standard","meta":{"footnotes":""},"categories":[2814],"tags":[17,1111,11,1777,674,1011,27,5852,884,12,14455,3946,316,4919,882,25,17247,43524,3840],"class_list":{"0":"post-523549","1":"post","2":"type-post","3":"status-publish","4":"format-standard","5":"has-post-thumbnail","7":"category-marseille","8":"tag-17","9":"tag-actu","10":"tag-actualites","11":"tag-eu","12":"tag-europe","13":"tag-fr","14":"tag-france","15":"tag-futur","16":"tag-marseille","17":"tag-news","18":"tag-notre","19":"tag-nous","20":"tag-politique","21":"tag-president","22":"tag-provence-alpes-cote-dazur","23":"tag-republique-francaise","24":"tag-sommes","25":"tag-venues","26":"tag-voir"},"share_on_mastodon":{"url":"https:\/\/pubeurope.com\/@fr\/115521820101193262","error":""},"_links":{"self":[{"href":"https:\/\/www.europesays.com\/fr\/wp-json\/wp\/v2\/posts\/523549","targetHints":{"allow":["GET"]}}],"collection":[{"href":"https:\/\/www.europesays.com\/fr\/wp-json\/wp\/v2\/posts"}],"about":[{"href":"https:\/\/www.europesays.com\/fr\/wp-json\/wp\/v2\/types\/post"}],"author":[{"embeddable":true,"href":"https:\/\/www.europesays.com\/fr\/wp-json\/wp\/v2\/users\/2"}],"replies":[{"embeddable":true,"href":"https:\/\/www.europesays.com\/fr\/wp-json\/wp\/v2\/comments?post=523549"}],"version-history":[{"count":0,"href":"https:\/\/www.europesays.com\/fr\/wp-json\/wp\/v2\/posts\/523549\/revisions"}],"wp:featuredmedia":[{"embeddable":true,"href":"https:\/\/www.europesays.com\/fr\/wp-json\/wp\/v2\/media\/523550"}],"wp:attachment":[{"href":"https:\/\/www.europesays.com\/fr\/wp-json\/wp\/v2\/media?parent=523549"}],"wp:term":[{"taxonomy":"category","embeddable":true,"href":"https:\/\/www.europesays.com\/fr\/wp-json\/wp\/v2\/categories?post=523549"},{"taxonomy":"post_tag","embeddable":true,"href":"https:\/\/www.europesays.com\/fr\/wp-json\/wp\/v2\/tags?post=523549"}],"curies":[{"name":"wp","href":"https:\/\/api.w.org\/{rel}","templated":true}]}}