{"id":523551,"date":"2025-11-09T21:17:13","date_gmt":"2025-11-09T21:17:13","guid":{"rendered":"https:\/\/www.europesays.com\/fr\/523551\/"},"modified":"2025-11-09T21:17:13","modified_gmt":"2025-11-09T21:17:13","slug":"marseille-le-portier-dun-bar-tue-a-coups-de-couteau-par-un-client-a-qui-il-avait-refuse-lentree","status":"publish","type":"post","link":"https:\/\/www.europesays.com\/fr\/523551\/","title":{"rendered":"Marseille : le portier d&rsquo;un bar tu\u00e9 \u00e0 coups de couteau par un client \u00e0 qui il avait refus\u00e9 l&rsquo;entr\u00e9e"},"content":{"rendered":"<p>                                            Faits divers\n                                                                            <\/p>\n<p>\n                                            Pr\u00e8s du Vieux-Port de Marseille, peu apr\u00e8s 1 heure du matin dans la nuit de samedi 8 \u00e0 dimanche 9 novembre, une altercation dans un bar a tourn\u00e9 au drame. Le portier de l&rsquo;\u00e9tablissement a \u00e9t\u00e9 poignard\u00e9 par un client \u00e0 qui il avait refus\u00e9 l\u2019entr\u00e9e.                                        <\/p>\n<p>                                                Publi\u00e9 le 9 novembre 2025 \u00e0 20h00                                                                                            <\/p>\n<p>                                            <img loading=\"lazy\" width=\"1024\" height=\"696\" src=\"https:\/\/www.europesays.com\/fr\/wp-content\/uploads\/2025\/11\/SIPA_01078229_000001-1-2.jpg\" class=\"attachment-post-thumbnail size-post-thumbnail wp-post-image\" alt=\"Les marins-pompiers n'ont pas eu le temps de prendre en charge la victime, un homme de 47 ans. \u00a9 Photo d'illustration Mourad ALLILI\/SIPA\" decoding=\"async\"  \/><\/p>\n<p>                                            Les marins-pompiers n&rsquo;ont pas eu le temps de prendre en charge la victime, un homme de 47 ans. \u00a9 Photo d&rsquo;illustration Mourad ALLILI\/SIPA<\/p>\n<p>Un homme de 47 ans, a \u00e9t\u00e9 tu\u00e9, atteint \u00e0 l\u2019arme blanche, rapporte <a href=\"https:\/\/www.laprovence.com\/article\/faits-divers-justice\/3682634201975314\/marseille-un-mort-et-un-blesse-a-larme-blanche-dans-une-altercation-devant-un-bar-du-quartier-de-lopera\" target=\"_blank\" rel=\"nofollow noopener\">le quotidien La Provence<\/a>. En arr\u00eat cardio-respiratoire, il est d\u00e9c\u00e9d\u00e9 sur les lieux \u00e0 l\u2019arriv\u00e9e des secours. La victime serait le portier d\u2019un \u00e9tablissement de nuit du Vieux-Port de <a href=\"https:\/\/www.valeursactuelles.com\/clubvaleurs\/politique\/jumelage-marseille-bethleem-acte-fort-ou-coup-de-communication\" target=\"_blank\" rel=\"noopener\">Marseille<\/a>. L\u2019auteur du coup de couteau serait un client \u00e0 qui il venait de refuser l\u2019entr\u00e9e, dans la nuit du samedi 8 au dimanche 9 novembre.<\/p>\n<p><a href=\"https:\/\/www.valeursactuelles.com\/politique\/municipales-2026-a-marseille-le-candidat-rn-franck-allisio-ambitionne-de-faire-de-la-police-municipale-de-la-ville-la-premiere-de-france\" class=\"h-flex h-align-items-center h-border-tb h-ptb-15\" target=\"_blank\" rel=\"noopener\">A\u00a0LIRE\u00a0Municipales 2026 : \u00e0 Marseille, le candidat RN Franck Allisio ambitionne de faire de la police municipale de la ville \u00ab\u00a0la premi\u00e8re de France\u00a0\u00bb<\/a><\/p>\n<p>Le suspect connu des services de police<\/p>\n<p>Selon une source proche du dossier cit\u00e9e par le journal local, l\u2019agresseur a port\u00e9 un coup de couteau au thorax du portier, devant un pub irlandais. Les marins-pompiers ont \u00e9galement d\u00fb prendre en charge une seconde victime, un homme de 43 ans bless\u00e9 \u00e0 la main.<\/p>\n<p>Le suspect, \u00e2g\u00e9 de 43 ans, est connu des services de police. Il a \u00e9t\u00e9 pris \u00e0 partie par <a href=\"https:\/\/www.valeursactuelles.com\/regions\/provence-alpes-cote-dazur\/bouches-du-rhone\/marseille\/faits-divers\/marseille-des-membres-de-luni-attaques-dans-un-bar\" target=\"_blank\" rel=\"noopener\">des clients du bar<\/a>, avant d\u2019\u00eatre interpell\u00e9 par les forces de l\u2019ordre puis plac\u00e9 en garde \u00e0 vue. Une enqu\u00eate a \u00e9t\u00e9 ouverte et la division de la criminalit\u00e9 territoriale (DCT) a \u00e9t\u00e9 saisie.<\/p>\n<p><a href=\"https:\/\/www.valeursactuelles.com\/culture\/un-vignoble-grec-antique-decouvert-sous-les-quartiers-nord-a-marseille\" class=\"h-flex h-align-items-center h-border-tb h-ptb-15\" target=\"_blank\" rel=\"noopener\">A\u00a0LIRE\u00a0Marseille : les quartiers Nords d\u00e9voilent un patrimoine antique insoup\u00e7onnable<\/a>                                                                    <\/p>\n","protected":false},"excerpt":{"rendered":"Faits divers Pr\u00e8s du Vieux-Port de Marseille, peu apr\u00e8s 1 heure du matin dans la nuit de samedi&hellip;\n","protected":false},"author":2,"featured_media":523552,"comment_status":"","ping_status":"","sticky":false,"template":"","format":"standard","meta":{"footnotes":""},"categories":[2814],"tags":[1111,11,885,7623,1777,674,1011,27,64378,884,777,12,882,25],"class_list":{"0":"post-523551","1":"post","2":"type-post","3":"status-publish","4":"format-standard","5":"has-post-thumbnail","7":"category-marseille","8":"tag-actu","9":"tag-actualites","10":"tag-bouches-du-rhone","11":"tag-coup-de-couteau","12":"tag-eu","13":"tag-europe","14":"tag-fr","15":"tag-france","16":"tag-marins-pompiers-de-marseille","17":"tag-marseille","18":"tag-meurtre","19":"tag-news","20":"tag-provence-alpes-cote-dazur","21":"tag-republique-francaise"},"share_on_mastodon":{"url":"https:\/\/pubeurope.com\/@fr\/115521824662086709","error":""},"_links":{"self":[{"href":"https:\/\/www.europesays.com\/fr\/wp-json\/wp\/v2\/posts\/523551","targetHints":{"allow":["GET"]}}],"collection":[{"href":"https:\/\/www.europesays.com\/fr\/wp-json\/wp\/v2\/posts"}],"about":[{"href":"https:\/\/www.europesays.com\/fr\/wp-json\/wp\/v2\/types\/post"}],"author":[{"embeddable":true,"href":"https:\/\/www.europesays.com\/fr\/wp-json\/wp\/v2\/users\/2"}],"replies":[{"embeddable":true,"href":"https:\/\/www.europesays.com\/fr\/wp-json\/wp\/v2\/comments?post=523551"}],"version-history":[{"count":0,"href":"https:\/\/www.europesays.com\/fr\/wp-json\/wp\/v2\/posts\/523551\/revisions"}],"wp:featuredmedia":[{"embeddable":true,"href":"https:\/\/www.europesays.com\/fr\/wp-json\/wp\/v2\/media\/523552"}],"wp:attachment":[{"href":"https:\/\/www.europesays.com\/fr\/wp-json\/wp\/v2\/media?parent=523551"}],"wp:term":[{"taxonomy":"category","embeddable":true,"href":"https:\/\/www.europesays.com\/fr\/wp-json\/wp\/v2\/categories?post=523551"},{"taxonomy":"post_tag","embeddable":true,"href":"https:\/\/www.europesays.com\/fr\/wp-json\/wp\/v2\/tags?post=523551"}],"curies":[{"name":"wp","href":"https:\/\/api.w.org\/{rel}","templated":true}]}}