{"id":523557,"date":"2025-11-09T21:21:39","date_gmt":"2025-11-09T21:21:39","guid":{"rendered":"https:\/\/www.europesays.com\/fr\/523557\/"},"modified":"2025-11-09T21:21:39","modified_gmt":"2025-11-09T21:21:39","slug":"jouets-dangereux-cosmetiques-interdits-une-vaste-operation-de-controle-de-colis-a-roissy-2","status":"publish","type":"post","link":"https:\/\/www.europesays.com\/fr\/523557\/","title":{"rendered":"jouets dangereux, cosm\u00e9tiques interdits&#8230; une vaste op\u00e9ration de contr\u00f4le de colis \u00e0 Roissy"},"content":{"rendered":"<p>L&rsquo;ensemble des colis Shein arriv\u00e9s \u00e0 l&rsquo;a\u00e9roport de Roissy-CDG (Val-d&rsquo;Oise) sont contr\u00f4l\u00e9s ce jeudi dans le cadre d&rsquo;une op\u00e9ration intervenant au lendemain du <a href=\"https:\/\/www.ledauphine.com\/economie\/2025\/11\/05\/arrivee-de-shein-la-marque-chinoise-ouvre-son-premier-magasin-en-pleine-tourmente\" target=\"_blank\" rel=\"noopener\">lancement d&rsquo;une proc\u00e9dure de suspension de la plateforme<\/a>, a indiqu\u00e9 la ministre des Comptes publics <a href=\"https:\/\/www.ledauphine.com\/p\/amelie-de-montchalin\" target=\"_blank\" rel=\"noopener\">Am\u00e9lie de Montchalin<\/a> sur X. L&rsquo;op\u00e9ration doit contribuer \u00e0 alimenter les proc\u00e9dures en cours contre Shein et \u00ab les premiers constats font appara\u00eetre des produits non conformes et illicites \u00bb, notamment des produits cosm\u00e9tiques non autoris\u00e9s, des jouets dangereux pour les enfants, des contrefa\u00e7ons ou des appareils d&rsquo;\u00e9lectrom\u00e9nager d\u00e9faillants, a pr\u00e9cis\u00e9 la ministre dans un post sur le r\u00e9seau social.<\/p>\n<p>Men\u00e9e conjointement par la R\u00e9pression des fraudes (DGCCRF), les douanes, la gendarmerie du transport a\u00e9rien notamment, cette op\u00e9ration doit permettre de contr\u00f4ler 200 000 colis et de s&rsquo;assurer de la conformit\u00e9 des produits, notamment en v\u00e9rifiant la \u00ab v\u00e9racit\u00e9 des d\u00e9clarations et le respect des obligations fiscales et douani\u00e8res \u00bb, a pr\u00e9cis\u00e9 la ministre des Comptes publics.<\/p>\n<p>Ce contenu est bloqu\u00e9 car vous n&rsquo;avez pas accept\u00e9 les cookies et autres traceurs.<\/p>\n<p>En cliquant sur \u00ab J\u2019accepte \u00bb, les cookies et autres traceurs seront d\u00e9pos\u00e9s et vous pourrez visualiser les contenus  (<a href=\"\" class=\"consentModule_policy\" target=\"_blank\" title=\"Consulter la politique de protection des donn\u00e9es du fournisseur\">plus d&rsquo;informations<\/a>).<\/p>\n<p>En cliquant sur \u00ab J\u2019accepte tous les cookies \u00bb, vous autorisez des d\u00e9p\u00f4ts de cookies et autres traceurs pour le stockage de vos donn\u00e9es sur nos sites et applications \u00e0 des fins de personnalisation et de ciblage publicitaire.<\/p>\n<p class=\"consentModule_secondaryText\">Vous gardez la possibilit\u00e9 de retirer votre consentement \u00e0 tout moment en consultant notre <a href=\"https:\/\/www.ledauphine.com\/protection-des-donnees\" target=\"_blank\" title=\"Consulter notre politique de protection des donn\u00e9es\" rel=\"noopener\">politique de protection des donn\u00e9es<\/a>. <br \/>&#13;<br \/>\n            <a href=\"https:\/\/www.ledauphine.com\/economie\/2025\/11\/06\/javascript:Didomi.notice.show()\" class=\"consentModule_cmp\" target=\"_blank\" rel=\"noopener\">G\u00e9rer mes choix<\/a>&#13;\n        <\/p>\n<p>&#13;<br \/>\n                        J&rsquo;accepte&#13;<br \/>\n            J&rsquo;accepte tous les cookies&#13;\n        <\/p>\n<p>Plusieurs proc\u00e9dures (administratives, judiciaires et au niveau europ\u00e9en) ont \u00e9t\u00e9 engag\u00e9es mercredi contre la plateforme apr\u00e8s le toll\u00e9 provoqu\u00e9 par la vente de p<a href=\"https:\/\/www.ledauphine.com\/faits-divers-justice\/2025\/11\/05\/poupees-pedopornographiques-sur-shein-les-coulisses-d-une-revelation-qui-a-eu-l-effet-d-une-bombe\" target=\"_blank\" rel=\"noopener\">oup\u00e9es \u00e0 caract\u00e8re p\u00e9dopornographique<\/a> et d&rsquo;armes de cat\u00e9gories A.<\/p>\n<p>Roissy-CDG est le deuxi\u00e8me a\u00e9roport europ\u00e9en avec deux millions de tonnes de fret trait\u00e9es en moyenne chaque ann\u00e9e, et il conna\u00eet un essor sans pr\u00e9c\u00e9dent des flux de e-commerce depuis 2022, a pr\u00e9cis\u00e9 le cabinet de la ministre. Chaque ann\u00e9e, 95 % des flux de colis en provenance de Chine y transitent avant d&rsquo;\u00eatre distribu\u00e9s sur l&rsquo;ensemble du territoire, selon Am\u00e9lie de Montchalin.<\/p>\n","protected":false},"excerpt":{"rendered":"L&rsquo;ensemble des colis Shein arriv\u00e9s \u00e0 l&rsquo;a\u00e9roport de Roissy-CDG (Val-d&rsquo;Oise) sont contr\u00f4l\u00e9s ce jeudi dans le cadre d&rsquo;une&hellip;\n","protected":false},"author":2,"featured_media":521963,"comment_status":"","ping_status":"","sticky":false,"template":"","format":"standard","meta":{"footnotes":""},"categories":[1592],"tags":[1111,11,4406,130,33,1777,674,274,107,1011,27,329,662,12,626,25],"class_list":{"0":"post-523557","1":"post","2":"type-post","3":"status-publish","4":"format-standard","5":"has-post-thumbnail","7":"category-ile-de-france","8":"tag-actu","9":"tag-actualites","10":"tag-commerce-et-services","11":"tag-consommation","12":"tag-economie","13":"tag-eu","14":"tag-europe","15":"tag-faits-divers-justice","16":"tag-fil-info","17":"tag-fr","18":"tag-france","19":"tag-france-monde","20":"tag-ile-de-france","21":"tag-news","22":"tag-paris","23":"tag-republique-francaise"},"share_on_mastodon":{"url":"https:\/\/pubeurope.com\/@fr\/115521839837309624","error":""},"_links":{"self":[{"href":"https:\/\/www.europesays.com\/fr\/wp-json\/wp\/v2\/posts\/523557","targetHints":{"allow":["GET"]}}],"collection":[{"href":"https:\/\/www.europesays.com\/fr\/wp-json\/wp\/v2\/posts"}],"about":[{"href":"https:\/\/www.europesays.com\/fr\/wp-json\/wp\/v2\/types\/post"}],"author":[{"embeddable":true,"href":"https:\/\/www.europesays.com\/fr\/wp-json\/wp\/v2\/users\/2"}],"replies":[{"embeddable":true,"href":"https:\/\/www.europesays.com\/fr\/wp-json\/wp\/v2\/comments?post=523557"}],"version-history":[{"count":0,"href":"https:\/\/www.europesays.com\/fr\/wp-json\/wp\/v2\/posts\/523557\/revisions"}],"wp:featuredmedia":[{"embeddable":true,"href":"https:\/\/www.europesays.com\/fr\/wp-json\/wp\/v2\/media\/521963"}],"wp:attachment":[{"href":"https:\/\/www.europesays.com\/fr\/wp-json\/wp\/v2\/media?parent=523557"}],"wp:term":[{"taxonomy":"category","embeddable":true,"href":"https:\/\/www.europesays.com\/fr\/wp-json\/wp\/v2\/categories?post=523557"},{"taxonomy":"post_tag","embeddable":true,"href":"https:\/\/www.europesays.com\/fr\/wp-json\/wp\/v2\/tags?post=523557"}],"curies":[{"name":"wp","href":"https:\/\/api.w.org\/{rel}","templated":true}]}}