{"id":523560,"date":"2025-11-09T21:23:22","date_gmt":"2025-11-09T21:23:22","guid":{"rendered":"https:\/\/www.europesays.com\/fr\/523560\/"},"modified":"2025-11-09T21:23:22","modified_gmt":"2025-11-09T21:23:22","slug":"incidents-a-la-philharmonie-de-paris-les-4-suspects-interpelles-jeudi-soir-mis-en-examen","status":"publish","type":"post","link":"https:\/\/www.europesays.com\/fr\/523560\/","title":{"rendered":"Incidents \u00e0 la Philharmonie de Paris : les 4 suspects interpell\u00e9s jeudi soir mis en examen"},"content":{"rendered":"<ul class=\"jsx-862013697 ArticleChapo__List\">\n<li class=\"jsx-862013697 ArticleChapo__List_Item flex\">Trois hommes et une femme arr\u00eat\u00e9s ont \u00e9t\u00e9 mis en examen dimanche par un juge d&rsquo;instruction, a indiqu\u00e9 le parquet de Paris \u00e0 l&rsquo;AFP.<\/li>\n<li class=\"jsx-862013697 ArticleChapo__List_Item flex\">Ils \u00e9taient retenus depuis jeudi soir pour avoir tent\u00e9 d&rsquo;interrompre un concert de l&rsquo;Orchestre philharmonique d&rsquo;Isra\u00ebl \u00e0 la Philharmonie de Paris.<\/li>\n<\/ul>\n<p data-module=\"article-paragraph\" class=\"jsx-3046738180 Paragraph Paragraph__End\">Interpell\u00e9s jeudi soir pour avoir tent\u00e9 d&rsquo;<a href=\"https:\/\/www.tf1info.fr\/justice-faits-divers\/incidents-a-la-philharmonie-de-paris-heurts-entre-pro-palestiniens-et-pro-israeliens-lors-des-gardes-a-vue-2405660.html\" target=\"_blank\" rel=\"noopener\">interrompre \u00e0 plusieurs reprises un concert de l&rsquo;Orchestre philharmonique d&rsquo;Isra\u00ebl \u00e0 la Philharmonie de Paris<\/a>, trois hommes et une femme ont \u00e9t\u00e9 mis en examen dimanche apr\u00e8s-midi par un juge d&rsquo;instruction, a indiqu\u00e9 le parquet de Paris \u00e0 l&rsquo;AFP.\u00a0<\/p>\n<p data-module=\"article-paragraph\" class=\"jsx-3046738180 Paragraph Paragraph__End\">Le minist\u00e8re public ajoute que les quatre mis en cause ont \u00e9t\u00e9 plac\u00e9s sous contr\u00f4le judiciaire, et qu&rsquo;il a requis \u00e0 leur encontre des interdictions de para\u00eetre \u00e0 Paris, aux abords et dans les salles de spectacles. Ils avaient \u00e9t\u00e9 d\u00e9f\u00e9r\u00e9s en d\u00e9but d&rsquo;apr\u00e8s-midi \u00ab\u00a0en vue de l&rsquo;ouverture d&rsquo;une information judiciaire ce dimanche\u00a0\u00bb.<\/p>\n<p>De multiples infractions retenues<\/p>\n<p data-module=\"article-paragraph\" class=\"jsx-3046738180 Paragraph Paragraph__End\">Compte tenu des faits survenus jeudi soir, dont par deux fois l&rsquo;usage de fumig\u00e8nes, le juge s&rsquo;est saisi de nombreuses infractions\u00a0: d\u00e9gradation du bien d&rsquo;autrui par un moyen dangereux pour les personnes, mise en danger d&rsquo;autrui, d\u00e9tention sans motif l\u00e9gitime et interdit par arr\u00eat\u00e9 pr\u00e9fectoral de produit incendiaire, organisation d&rsquo;une manifestation sur la voie publique sans d\u00e9claration, refus de se soumettre aux op\u00e9rations de relev\u00e9s signal\u00e9tiques int\u00e9gr\u00e9s dans un fichier de police par personne soup\u00e7onn\u00e9e de d\u00e9lit, violence avec usage ou menace d&rsquo;une arme.<\/p>\n<p><a href=\"https:\/\/www.tf1info.fr\/justice-faits-divers\/incidents-a-la-philharmonie-de-paris-heurts-entre-pro-palestiniens-et-pro-israeliens-lors-des-gardes-a-vue-2405660.html\" rel=\"noopener\" class=\"jsx-3308031228 Link flex\" target=\"_blank\"><img decoding=\"async\" src=\"https:\/\/www.europesays.com\/fr\/wp-content\/uploads\/2025\/11\/philharmonie-heurts-afp-969b4a-0@1x.jpeg\" alt=\"Des incidents ont \u00e9clat\u00e9 apr\u00e8s l'irruption de militants pro-palestiniens \u00e0 la Philharmonie de Paris, le 6 novembre 2025.\" loading=\"lazy\" importance=\"low\" fetchpriority=\"low\" class=\"\" aria-hidden=\"true\"\/><\/p>\n<p class=\"jsx-3657663356 ReadMoreArticle__Title\">Lire aussi<\/p>\n<p class=\"jsx-3657663356\">Incidents \u00e0 la Philharmonie de Paris : heurts entre pro-palestiniens et pro-isra\u00e9liens lors des gardes \u00e0 vue<\/p>\n<p><\/a><\/p>\n<p data-module=\"article-paragraph\" class=\"jsx-3046738180 Paragraph\">La Cit\u00e9 de la musique-Philharmonie de Paris a pr\u00e9cis\u00e9 avoir port\u00e9 plainte et a condamn\u00e9 \u00ab\u00a0fermement les graves incidents\u00a0\u00bb survenus dans la grande salle de concert Pierre-Boulez.<\/p>\n<p data-module=\"article-paragraph\" class=\"jsx-3046738180 Paragraph Paragraph__End\">\u00ab\u00a0La violence n&rsquo;a pas sa place dans une salle de concert\u00a0\u00bb, a \u00e9galement d\u00e9nonc\u00e9 la ministre de la Culture Rachida Dati, soulignant que \u00ab\u00a0la libert\u00e9 de programmation et de cr\u00e9ation est un droit fondamental de notre R\u00e9publique\u00a0\u00bb.<\/p>\n<p>Victor GAUTIER avec AFP<\/p>\n","protected":false},"excerpt":{"rendered":"Trois hommes et une femme arr\u00eat\u00e9s ont \u00e9t\u00e9 mis en examen dimanche par un juge d&rsquo;instruction, a indiqu\u00e9&hellip;\n","protected":false},"author":2,"featured_media":523561,"comment_status":"","ping_status":"","sticky":false,"template":"","format":"standard","meta":{"footnotes":""},"categories":[1888],"tags":[1111,1928,11,1927,1921,1777,674,6017,1011,27,1922,303,2954,12,1926,626,1925,1072,417,25,133,2953],"class_list":{"0":"post-523560","1":"post","2":"type-post","3":"status-publish","4":"format-standard","5":"has-post-thumbnail","7":"category-paris","8":"tag-actu","9":"tag-actu-paris","10":"tag-actualites","11":"tag-actualites-paris","12":"tag-article-video","13":"tag-eu","14":"tag-europe","15":"tag-fait-divers","16":"tag-fr","17":"tag-france","18":"tag-info","19":"tag-justice","20":"tag-justice-et-faits-divers","21":"tag-news","22":"tag-news-paris","23":"tag-paris","24":"tag-paris-news","25":"tag-police","26":"tag-rachida-dati","27":"tag-republique-francaise","28":"tag-video","29":"tag-video-police"},"share_on_mastodon":{"url":"https:\/\/pubeurope.com\/@fr\/115521848511907663","error":""},"_links":{"self":[{"href":"https:\/\/www.europesays.com\/fr\/wp-json\/wp\/v2\/posts\/523560","targetHints":{"allow":["GET"]}}],"collection":[{"href":"https:\/\/www.europesays.com\/fr\/wp-json\/wp\/v2\/posts"}],"about":[{"href":"https:\/\/www.europesays.com\/fr\/wp-json\/wp\/v2\/types\/post"}],"author":[{"embeddable":true,"href":"https:\/\/www.europesays.com\/fr\/wp-json\/wp\/v2\/users\/2"}],"replies":[{"embeddable":true,"href":"https:\/\/www.europesays.com\/fr\/wp-json\/wp\/v2\/comments?post=523560"}],"version-history":[{"count":0,"href":"https:\/\/www.europesays.com\/fr\/wp-json\/wp\/v2\/posts\/523560\/revisions"}],"wp:featuredmedia":[{"embeddable":true,"href":"https:\/\/www.europesays.com\/fr\/wp-json\/wp\/v2\/media\/523561"}],"wp:attachment":[{"href":"https:\/\/www.europesays.com\/fr\/wp-json\/wp\/v2\/media?parent=523560"}],"wp:term":[{"taxonomy":"category","embeddable":true,"href":"https:\/\/www.europesays.com\/fr\/wp-json\/wp\/v2\/categories?post=523560"},{"taxonomy":"post_tag","embeddable":true,"href":"https:\/\/www.europesays.com\/fr\/wp-json\/wp\/v2\/tags?post=523560"}],"curies":[{"name":"wp","href":"https:\/\/api.w.org\/{rel}","templated":true}]}}