{"id":523568,"date":"2025-11-09T21:27:14","date_gmt":"2025-11-09T21:27:14","guid":{"rendered":"https:\/\/www.europesays.com\/fr\/523568\/"},"modified":"2025-11-09T21:27:14","modified_gmt":"2025-11-09T21:27:14","slug":"invasion-de-lukraine-la-slovaquie-refuse-que-les-avoirs-russes-geles-soient-utilises-pour-un-pret-a-lukraine","status":"publish","type":"post","link":"https:\/\/www.europesays.com\/fr\/523568\/","title":{"rendered":"Invasion de l&rsquo;Ukraine &#8211; La Slovaquie refuse que les avoirs russes gel\u00e9s soient utilis\u00e9s pour un pr\u00eat \u00e0 l&rsquo;Ukraine"},"content":{"rendered":"<p><img decoding=\"async\" class=\"w-full object-contain\" style=\"aspect-ratio:150 \/ 100;opacity:1\" alt=\"Invasion de l'Ukraine - La Slovaquie refuse que les avoirs russes gel\u00e9s soient utilis\u00e9s pour un pr\u00eat \u00e0 l'Ukraine\" width=\"512\" height=\"341\" fetchpriority=\"high\" src=\"https:\/\/www.europesays.com\/fr\/wp-content\/uploads\/2025\/11\/3FL6DDSJO5HZFFTIC7KMFBGI3A.jpg\"  \/><\/p>\n<p class=\"ap-StoryElement ap-StoryElement--mb ap-StoryText\">\u00ab\u00a0La Slovaquie ne participera pas \u00e0 un montage juridique ou financier visant \u00e0 saisir des avoirs gel\u00e9s si ces fonds sont utilis\u00e9s pour des d\u00e9penses militaires en Ukraine\u00a0\u00bb, a d\u00e9clar\u00e9 M. Fico.<\/p>\n<p class=\"ap-StoryElement ap-StoryElement--mb ap-StoryText\">La Commission europ\u00e9enne souhaite proposer un moyen d&rsquo;utiliser les avoirs gel\u00e9s de la Banque centrale de Russie, h\u00e9berg\u00e9s chez Euroclear en Belgique, pour une aide financi\u00e8re \u00e0 court et moyen terme \u00e0 l&rsquo;Ukraine. Il est question d&rsquo;un pr\u00eat de r\u00e9paration de 140 milliards d&rsquo;euros.<\/p>\n","protected":false},"excerpt":{"rendered":"\u00ab\u00a0La Slovaquie ne participera pas \u00e0 un montage juridique ou financier visant \u00e0 saisir des avoirs gel\u00e9s si&hellip;\n","protected":false},"author":2,"featured_media":2837,"comment_status":"","ping_status":"","sticky":false,"template":"","format":"standard","meta":{"footnotes":""},"categories":[1590],"tags":[11,2120,1777,674,12,10845,1778,220],"class_list":{"0":"post-523568","1":"post","2":"type-post","3":"status-publish","4":"format-standard","5":"has-post-thumbnail","7":"category-ukraine","8":"tag-actualites","9":"tag-conflit","10":"tag-eu","11":"tag-europe","12":"tag-news","13":"tag-slovaquie","14":"tag-ue","15":"tag-ukraine"},"share_on_mastodon":{"url":"https:\/\/pubeurope.com\/@fr\/115521863925761299","error":""},"_links":{"self":[{"href":"https:\/\/www.europesays.com\/fr\/wp-json\/wp\/v2\/posts\/523568","targetHints":{"allow":["GET"]}}],"collection":[{"href":"https:\/\/www.europesays.com\/fr\/wp-json\/wp\/v2\/posts"}],"about":[{"href":"https:\/\/www.europesays.com\/fr\/wp-json\/wp\/v2\/types\/post"}],"author":[{"embeddable":true,"href":"https:\/\/www.europesays.com\/fr\/wp-json\/wp\/v2\/users\/2"}],"replies":[{"embeddable":true,"href":"https:\/\/www.europesays.com\/fr\/wp-json\/wp\/v2\/comments?post=523568"}],"version-history":[{"count":0,"href":"https:\/\/www.europesays.com\/fr\/wp-json\/wp\/v2\/posts\/523568\/revisions"}],"wp:featuredmedia":[{"embeddable":true,"href":"https:\/\/www.europesays.com\/fr\/wp-json\/wp\/v2\/media\/2837"}],"wp:attachment":[{"href":"https:\/\/www.europesays.com\/fr\/wp-json\/wp\/v2\/media?parent=523568"}],"wp:term":[{"taxonomy":"category","embeddable":true,"href":"https:\/\/www.europesays.com\/fr\/wp-json\/wp\/v2\/categories?post=523568"},{"taxonomy":"post_tag","embeddable":true,"href":"https:\/\/www.europesays.com\/fr\/wp-json\/wp\/v2\/tags?post=523568"}],"curies":[{"name":"wp","href":"https:\/\/api.w.org\/{rel}","templated":true}]}}