{"id":523569,"date":"2025-11-09T21:28:14","date_gmt":"2025-11-09T21:28:14","guid":{"rendered":"https:\/\/www.europesays.com\/fr\/523569\/"},"modified":"2025-11-09T21:28:14","modified_gmt":"2025-11-09T21:28:14","slug":"usa-le-trafic-aerien-va-se-reduire-au-minimum-avec-le-shutdown-dit-duffy-09-11-2025-a-1740","status":"publish","type":"post","link":"https:\/\/www.europesays.com\/fr\/523569\/","title":{"rendered":"USA-Le trafic a\u00e9rien va se r\u00e9duire au minimum avec le \u00ab\u00a0shutdown\u00a0\u00bb, dit Duffy &#8211; 09\/11\/2025 \u00e0 17:40"},"content":{"rendered":"<p>\n par David Shepardson et David Ljunggren\n<\/p>\n<p>\n Le trafic a\u00e9rien aux<br \/>\nEtats-Unis va se r\u00e9duire au minimum \u00e0 l&rsquo;approche des vacances de<br \/>\nThanksgiving en raison de la p\u00e9nurie croissante de contr\u00f4leurs<br \/>\nli\u00e9e \u00e0 la fermeture partielle de l&rsquo;administration (\u00ab\u00a0shutdown\u00a0\u00bb),<br \/>\na d\u00e9clar\u00e9 le secr\u00e9taire aux Transports Sean Duffy.\n<\/p>\n<p>\n Les principales compagnies a\u00e9riennes ont d\u00fb faire face<br \/>\ndimanche \u00e0 une troisi\u00e8me journ\u00e9e de r\u00e9duction des vols impos\u00e9e<br \/>\npar le gouvernement, apr\u00e8s que des milliers de retards et<br \/>\nd&rsquo;annulations ont d\u00e9j\u00e0 entrav\u00e9 le trafic samedi.\n<\/p>\n<p>\n Le \u00ab\u00a0shutdown\u00a0\u00bb, qui a atteint une dur\u00e9e record de 40 jours,<br \/>\nentra\u00eene une p\u00e9nurie de contr\u00f4leurs a\u00e9riens qui, comme d&rsquo;autres<br \/>\nemploy\u00e9s f\u00e9d\u00e9raux, n&rsquo;ont pas \u00e9t\u00e9 pay\u00e9s depuis des semaines.\n<\/p>\n<p>\n \u00ab\u00a0Cela ne va faire qu&#8217;empirer (&#8230;). Les deux semaines<br \/>\npr\u00e9c\u00e9dant Thanksgiving, le trafic a\u00e9rien sera r\u00e9duit au<br \/>\nminimum\u00a0\u00bb, a d\u00e9clar\u00e9 Sean Duffy \u00e0 CNN lors d&rsquo;une \u00e9mission<br \/>\ndiffus\u00e9e dimanche.\n<\/p>\n<p>\n Des millions de personnes voyagent habituellement \u00e0<br \/>\nl&rsquo;approche de Thanksgiving, l&rsquo;une des f\u00eates les plus importantes<br \/>\naux \u00c9tats-Unis, qui tombe cette ann\u00e9e le 27 novembre.\n<\/p>\n<p>\n \u00ab\u00a0Beaucoup d&rsquo;entre eux ne pourront pas prendre l&rsquo;avion, parce<br \/>\nqu&rsquo;il n&rsquo;y aura pas beaucoup de vols si la situation ne se<br \/>\nd\u00e9bloque pas\u00a0\u00bb, a d\u00e9clar\u00e9 Sean Duffy.\n<\/p>\n<p>\n L&rsquo;administration f\u00e9d\u00e9rale de l&rsquo;aviation (FAA) a demand\u00e9 aux<br \/>\ncompagnies a\u00e9riennes de r\u00e9duire de 4% le nombre de vols<br \/>\nquotidiens \u00e0 partir de vendredi dans 40 grands a\u00e9roports en<br \/>\nraison de probl\u00e8mes de s\u00e9curit\u00e9 li\u00e9s au contr\u00f4le du trafic. Les<br \/>\ncoupes doivent atteindre 6% mardi et 10% le 14 novembre.\n<\/p>\n<p>\n Dimanche, \u00e0 1530 GMT, 1.400 annulations de vols et 2.700<br \/>\nretards \u00e9taient d\u00e9j\u00e0 recens\u00e9s et la FAA faisait \u00e9tat de<br \/>\nprobl\u00e8mes de personnels dans 12 tours de contr\u00f4le.\n<\/p>\n<p>\n UN RISQUE POUR LA CROISSANCE DU T4\n<\/p>\n<p>\n Selon Sean Duffy, un nombre croissant de contr\u00f4leurs a\u00e9riens<br \/>\nont pris leur retraite depuis le d\u00e9but de la fermeture de<br \/>\nl&rsquo;administration f\u00e9d\u00e9rale, le 1er octobre. La FAA manque de<br \/>\n1.000 \u00e0 2.000 contr\u00f4leurs pour \u00eatre au complet, a-t-il d\u00e9clar\u00e9.\n<\/p>\n<p>\n Quelque 1.550 vols ont \u00e9t\u00e9 annul\u00e9s et 6.700 retard\u00e9s samedi,<br \/>\napr\u00e8s 1.025 annulations et 7.000 retards vendredi.\n<\/p>\n<p>\n Les difficult\u00e9s li\u00e9es au transport a\u00e9rien pourraient<br \/>\naffecter la croissance \u00e9conomique des \u00c9tats-Unis, a d\u00e9clar\u00e9<br \/>\nKevin Hassett, conseiller \u00e9conomique de la Maison Blanche, dans<br \/>\nune interview diffus\u00e9e dimanche.\n<\/p>\n<p>\n \u00ab\u00a0La p\u00e9riode de Thanksgiving est l&rsquo;une des plus chaudes de<br \/>\nl&rsquo;ann\u00e9e pour l&rsquo;\u00e9conomie (&#8230;) et si les gens ne voyagent pas \u00e0<br \/>\nce moment-l\u00e0, nous pourrions vraiment nous attendre \u00e0 un<br \/>\ntrimestre n\u00e9gatif pour le quatri\u00e8me trimestre\u00a0\u00bb, a-t-il d\u00e9clar\u00e9 \u00e0<br \/>\nCBS.\n<\/p>\n<p>\n (Reportage David Shepardson \u00e0 Washington, avec David Ljunggren<br \/>\n\u00e0 Ottawa, version fran\u00e7aise Benjamin Mallet)<\/p>\n","protected":false},"excerpt":{"rendered":"par David Shepardson et David Ljunggren Le trafic a\u00e9rien aux Etats-Unis va se r\u00e9duire au minimum \u00e0 l&rsquo;approche&hellip;\n","protected":false},"author":2,"featured_media":17400,"comment_status":"","ping_status":"","sticky":false,"template":"","format":"standard","meta":{"footnotes":""},"categories":[1589],"tags":[400,11,398,408,405,73,1866,403,402,399,404,12,401,406,1864,1865,1863,308,407],"class_list":{"0":"post-523569","1":"post","2":"type-post","3":"status-publish","4":"format-standard","5":"has-post-thumbnail","7":"category-etats-unis","8":"tag-action-cac-40","9":"tag-actualites","10":"tag-bourse-de-paris","11":"tag-boursorama","12":"tag-cotations","13":"tag-etats-unis","14":"tag-etats-unis-damerique","15":"tag-indices-devises","16":"tag-investir","17":"tag-investissement","18":"tag-marche-boursier","19":"tag-news","20":"tag-sicav","21":"tag-trackers","22":"tag-united-states","23":"tag-united-states-of-america","24":"tag-us","25":"tag-usa","26":"tag-warrants"},"share_on_mastodon":{"url":"","error":""},"_links":{"self":[{"href":"https:\/\/www.europesays.com\/fr\/wp-json\/wp\/v2\/posts\/523569","targetHints":{"allow":["GET"]}}],"collection":[{"href":"https:\/\/www.europesays.com\/fr\/wp-json\/wp\/v2\/posts"}],"about":[{"href":"https:\/\/www.europesays.com\/fr\/wp-json\/wp\/v2\/types\/post"}],"author":[{"embeddable":true,"href":"https:\/\/www.europesays.com\/fr\/wp-json\/wp\/v2\/users\/2"}],"replies":[{"embeddable":true,"href":"https:\/\/www.europesays.com\/fr\/wp-json\/wp\/v2\/comments?post=523569"}],"version-history":[{"count":0,"href":"https:\/\/www.europesays.com\/fr\/wp-json\/wp\/v2\/posts\/523569\/revisions"}],"wp:featuredmedia":[{"embeddable":true,"href":"https:\/\/www.europesays.com\/fr\/wp-json\/wp\/v2\/media\/17400"}],"wp:attachment":[{"href":"https:\/\/www.europesays.com\/fr\/wp-json\/wp\/v2\/media?parent=523569"}],"wp:term":[{"taxonomy":"category","embeddable":true,"href":"https:\/\/www.europesays.com\/fr\/wp-json\/wp\/v2\/categories?post=523569"},{"taxonomy":"post_tag","embeddable":true,"href":"https:\/\/www.europesays.com\/fr\/wp-json\/wp\/v2\/tags?post=523569"}],"curies":[{"name":"wp","href":"https:\/\/api.w.org\/{rel}","templated":true}]}}