{"id":52357,"date":"2025-04-25T18:11:09","date_gmt":"2025-04-25T18:11:09","guid":{"rendered":"https:\/\/www.europesays.com\/fr\/52357\/"},"modified":"2025-04-25T18:11:09","modified_gmt":"2025-04-25T18:11:09","slug":"pedro-pascal-sen-prend-a-jk-rowling-apres-ses-declarations-transphobes-2","status":"publish","type":"post","link":"https:\/\/www.europesays.com\/fr\/52357\/","title":{"rendered":"Pedro Pascal s&rsquo;en prend \u00e0 JK Rowling apr\u00e8s ses d\u00e9clarations transphobes"},"content":{"rendered":"<p>Les droits des personnes transgenres reculent, et <a data-i13n=\"cpos:1;pos:1\" href=\"https:\/\/www.parismatch.com\/people\/accusee-de-transphobie-jk-rowling-ne-pardonnera-pas-daniel-radcliffe-et-emma-watson-236420\" rel=\"nofollow noopener\" target=\"_blank\" data-ylk=\"slk:elle s\u2019en r\u00e9jouit;cpos:1;pos:1;elm:context_link;itc:0;sec:content-canvas\" class=\"link \">elle s\u2019en r\u00e9jouit<\/a>. Il y a quelques jours, JK Rowling a c\u00e9l\u00e9br\u00e9 la d\u00e9cision de la Cour Supr\u00eame du Royaume-Uni de faire reposer la d\u00e9finition l\u00e9gale d\u2019une femme sur le \u00ab sexe biologique \u00bb et non sur le genre, excluant donc les femmes trans. <a data-i13n=\"cpos:2;pos:1\" href=\"https:\/\/www.parismatch.com\/People\/yacht-cigare-et-champagne-jk-rowling-celebre-la-decision-de-la-cour-supreme-anglaise-sur-la-definition-legale-dune-femme-250263\" rel=\"nofollow noopener\" target=\"_blank\" data-ylk=\"slk:Coupes de champagne et cigares;cpos:2;pos:1;elm:context_link;itc:0;sec:content-canvas\" class=\"link \">Coupes de champagne et cigares<\/a>, l\u2019\u00e9crivaine a f\u00eat\u00e9 cet arr\u00eat\u00e9 officiel depuis son yacht, partageant plusieurs photos sur X (ex-Twitter). Elle a qualifi\u00e9 la d\u00e9cision d\u2019\u00ab \u00e9norme victoire \u00bb pour \u00ab les droits des femmes et des jeunes filles dans tout le Royaume-Uni \u00bb. \u00ab J\u2019aime quand un plan se d\u00e9roule sans accroc \u00bb, a ajout\u00e9 JK Rowling.<\/p>\n<p>Un avis r\u00e9solument transphobe d\u00e9nonc\u00e9 par de nombreux militants, dont Tariq Ra\u2019ouf. Sur les r\u00e9seaux sociaux, il a partag\u00e9 une vid\u00e9o d\u00e9non\u00e7ant la nouvelle prise de position de JK Rowling \u2013 <a data-i13n=\"cpos:3;pos:1\" href=\"https:\/\/www.parismatch.com\/people\/jk-rowling-prefere-aller-en-prison-quutiliser-le-langage-inclusif-230754\" rel=\"nofollow noopener\" target=\"_blank\" data-ylk=\"slk:qui n\u2019a de cesse d\u2019exprimer son opinion TERF (f\u00e9ministe radicale excluant les personnes trans);cpos:3;pos:1;elm:context_link;itc:0;sec:content-canvas\" class=\"link \">qui n\u2019a de cesse d\u2019exprimer son opinion TERF (f\u00e9ministe radicale excluant les personnes trans)<\/a> &#8211; et appelant au boycott des projets li\u00e9s \u00e0 \u00ab Harry Potter \u00bb dont la s\u00e9rie HBO actuellement en d\u00e9veloppement. Une vid\u00e9o qui a fait r\u00e9agir Pedro Pascal, fervent d\u00e9fenseur des droits des personnes transgenres. \u00ab C\u2019est une MERDE horrible et d\u00e9go\u00fbtante, c\u2019est tout \u00e0 fait exact. Un comportement odieux de PERDANTE \u00bb, a \u00e9crit l\u2019acteur en commentaire, supportant le boycott.<\/p>\n<p>Pedro Pascal, alli\u00e9 de la cause LGBTQIA +<\/p>\n<p>Ce n\u2019est pas la premi\u00e8re fois que Pedro Pascal s\u2019exprime pour la d\u00e9fense des droits transgenres. Depuis que <a data-i13n=\"cpos:4;pos:1\" href=\"https:\/\/www.parismatch.com\/people\/pedro-pascal-au-bras-de-sa-petite-soeur-lux-pour-lavant-premiere-de-gladiator-ii-londres-243512\" rel=\"nofollow noopener\" target=\"_blank\" data-ylk=\"slk:sa s\u0153ur Lux Pascal;cpos:4;pos:1;elm:context_link;itc:0;sec:content-canvas\" class=\"link \">sa s\u0153ur Lux Pascal<\/a> a fait son coming-out transgenre, il y a quatre a&#8230;<\/p>\n<p><a data-i13n=\"cpos:5;pos:1\" href=\"https:\/\/www.parismatch.com\/People\/pedro-pascal-sen-prend-a-jk-rowling-apres-ses-declarations-transphobes-250555?at_medium=affiliate&amp;at_campaign=Yahoo\" rel=\"nofollow noopener\" target=\"_blank\" data-ylk=\"slk:Lire la suite sur ParisMatch;cpos:5;pos:1;elm:context_link;itc:0;sec:content-canvas\" class=\"link \">Lire la suite sur ParisMatch<\/a><\/p>\n","protected":false},"excerpt":{"rendered":"Les droits des personnes transgenres reculent, et elle s\u2019en r\u00e9jouit. Il y a quelques jours, JK Rowling a&hellip;\n","protected":false},"author":2,"featured_media":52102,"comment_status":"","ping_status":"","sticky":false,"template":"","format":"standard","meta":{"footnotes":""},"categories":[1359],"tags":[14519,14520,58,6121,59,1011,27,14518,10167,973,14521],"class_list":{"0":"post-52357","1":"post","2":"type-post","3":"status-publish","4":"format-standard","5":"has-post-thumbnail","7":"category-people","8":"tag-ce-nest-pas-la-premiere","9":"tag-coupes-de-champagne","10":"tag-divertissement","11":"tag-droits-des-femmes","12":"tag-entertainment","13":"tag-fr","14":"tag-france","15":"tag-jk-rowling","16":"tag-pedro-pascal","17":"tag-people","18":"tag-transgenres"},"share_on_mastodon":{"url":"https:\/\/pubeurope.com\/@fr\/114399955087443464","error":""},"_links":{"self":[{"href":"https:\/\/www.europesays.com\/fr\/wp-json\/wp\/v2\/posts\/52357","targetHints":{"allow":["GET"]}}],"collection":[{"href":"https:\/\/www.europesays.com\/fr\/wp-json\/wp\/v2\/posts"}],"about":[{"href":"https:\/\/www.europesays.com\/fr\/wp-json\/wp\/v2\/types\/post"}],"author":[{"embeddable":true,"href":"https:\/\/www.europesays.com\/fr\/wp-json\/wp\/v2\/users\/2"}],"replies":[{"embeddable":true,"href":"https:\/\/www.europesays.com\/fr\/wp-json\/wp\/v2\/comments?post=52357"}],"version-history":[{"count":0,"href":"https:\/\/www.europesays.com\/fr\/wp-json\/wp\/v2\/posts\/52357\/revisions"}],"wp:featuredmedia":[{"embeddable":true,"href":"https:\/\/www.europesays.com\/fr\/wp-json\/wp\/v2\/media\/52102"}],"wp:attachment":[{"href":"https:\/\/www.europesays.com\/fr\/wp-json\/wp\/v2\/media?parent=52357"}],"wp:term":[{"taxonomy":"category","embeddable":true,"href":"https:\/\/www.europesays.com\/fr\/wp-json\/wp\/v2\/categories?post=52357"},{"taxonomy":"post_tag","embeddable":true,"href":"https:\/\/www.europesays.com\/fr\/wp-json\/wp\/v2\/tags?post=52357"}],"curies":[{"name":"wp","href":"https:\/\/api.w.org\/{rel}","templated":true}]}}