{"id":523570,"date":"2025-11-09T21:29:16","date_gmt":"2025-11-09T21:29:16","guid":{"rendered":"https:\/\/www.europesays.com\/fr\/523570\/"},"modified":"2025-11-09T21:29:16","modified_gmt":"2025-11-09T21:29:16","slug":"royaume-uni-le-directeur-general-de-la-bbc-demissionne-apres-la-polemique-sur-le-montage-dun-discours-de-trump","status":"publish","type":"post","link":"https:\/\/www.europesays.com\/fr\/523570\/","title":{"rendered":"Royaume-Uni : le directeur g\u00e9n\u00e9ral de la BBC d\u00e9missionne, apr\u00e8s la pol\u00e9mique sur le montage d&rsquo;un discours de Trump"},"content":{"rendered":"<ul class=\"jsx-862013697 ArticleChapo__List\">\n<li class=\"jsx-862013697 ArticleChapo__List_Item flex\">La BBC est accus\u00e9e d&rsquo;avoir mont\u00e9 des passages distincts d&rsquo;un discours de Donald Trump le 6 janvier 2021.<\/li>\n<li class=\"jsx-862013697 ArticleChapo__List_Item flex\">Tels que pr\u00e9sent\u00e9s, les propos du pr\u00e9sident am\u00e9ricain semblaient appeler ses partisans \u00e0 marcher vers le Capitole pour se \u00ab\u00a0battre comme des diables\u00a0\u00bb.<\/li>\n<li class=\"jsx-862013697 ArticleChapo__List_Item flex\">Au c\u0153ur d&rsquo;une pol\u00e9mique depuis, Tim Davie ainsi que la patronne de l&rsquo;information de la cha\u00eene ont annonc\u00e9 leur d\u00e9mission.<\/li>\n<\/ul>\n<p><a href=\"https:\/\/www.tf1info.fr\/actualite\/assaut-du-capitole-le-6-janvier-2021-donald-trump-au-centre-du-complot-12997\/\" rel=\"noopener\" class=\"jsx-484472199 Link jsx-1428418400 jsx-554215408\" target=\"_blank\"><\/p>\n<p style=\"font-weight:400\" class=\"jsx-1837267516\">Suivez la couverture compl\u00e8te<\/p>\n<p style=\"font-weight:800\" class=\"jsx-1837267516\">Assaut du Capitole : Donald Trump au centre du \u00ab\u00a0complot\u00a0\u00bb<\/p>\n<p><\/a><\/p>\n<p data-module=\"article-paragraph\" class=\"jsx-3046738180 Paragraph\">La pol\u00e9mique a pris trop d&rsquo;ampleur. Le directeur g\u00e9n\u00e9ral de la BBC, Tim Davie, ainsi que la patronne de l&rsquo;information du grand m\u00e9dia public britannique, vont d\u00e9missionner, a annonc\u00e9 dimanche 9 novembre la BBC. Ils \u00e9taient tous deux mis en cause apr\u00e8s le montage contest\u00e9 d&rsquo;un discours de Donald Trump. \u00ab\u00a0C&rsquo;est un triste jour pour la BBC, Tim a \u00e9t\u00e9 un excellent directeur g\u00e9n\u00e9ral ces cinq derni\u00e8res ann\u00e9es\u00a0\u00bb, mais il \u00e9tait confront\u00e9 \u00e0 \u00ab\u00a0une pression persistante (&#8230;) qui l&rsquo;a men\u00e9 \u00e0 prendre cette d\u00e9cision\u00a0\u00bb de d\u00e9missionner, a indiqu\u00e9 le pr\u00e9sident de la BBC, Samir Shah, dans un communiqu\u00e9.<\/p>\n<p data-module=\"article-paragraph\" class=\"jsx-3046738180 Paragraph Paragraph__End\">La ministre britannique de la Culture, Lisa Nandy, avait jug\u00e9 un peu plus t\u00f4t dimanche \u00ab\u00a0extr\u00eamement grave\u00a0\u00bb l&rsquo;accusation faite \u00e0 la BBC d&rsquo;avoir pr\u00e9sent\u00e9 de mani\u00e8re trompeuse des propos du pr\u00e9sident am\u00e9ricain, Donald Trump, dans un documentaire.<\/p>\n<p>Se \u00ab\u00a0battre comme des diables\u00a0\u00bb<\/p>\n<p data-module=\"article-paragraph\" class=\"jsx-3046738180 Paragraph\">L&rsquo;affaire, r\u00e9v\u00e9l\u00e9e par le journal conservateur The Daily Telegraph mardi, porte sur un documentaire du c\u00e9l\u00e8bre magazine d&rsquo;information \u00ab\u00a0Panorama\u00a0\u00bb de la BBC, diffus\u00e9 une semaine <a href=\"https:\/\/www.tf1info.fr\/election-presidentielle-americaine\/verif-fraude-ia-et-complots-presidentielle-americaine-desinformation-fake-news-bilan-donald-trump-kamala-harris-2332845.html\" target=\"_blank\" rel=\"noopener\">avant l&rsquo;\u00e9lection pr\u00e9sidentielle am\u00e9ricaine du 5 novembre 2024<\/a>. La BBC est accus\u00e9e d&rsquo;avoir mont\u00e9 des passages distincts d&rsquo;un discours de Donald Trump le 6 janvier 2021 de telle fa\u00e7on qu&rsquo;il semble dire \u00e0 ses partisans qu&rsquo;il va marcher avec eux vers le Capitole pour se \u00ab\u00a0battre comme des diables\u00a0\u00bb.\u00a0<\/p>\n<p data-module=\"article-paragraph\" class=\"jsx-3046738180 Paragraph Paragraph__End\">Dans sa phrase int\u00e9grale, le pr\u00e9sident alors battu dans les urnes par Joe Biden dit : \u00ab\u00a0Nous allons marcher vers le Capitole et nous allons encourager nos courageux s\u00e9nateurs et repr\u00e9sentants et repr\u00e9sentantes au Congr\u00e8s\u00a0\u00bb. L&rsquo;expression \u00ab\u00a0se battre comme des diables\u00a0\u00bb correspond \u00e0 un autre passage. Samir Shah a \u00e9t\u00e9 appel\u00e9 \u00e0 s&rsquo;expliquer sur ce montage devant la commission de la Culture et des M\u00e9dias du Parlement lundi.<\/p>\n<p><a href=\"https:\/\/www.tf1info.fr\/international\/video-reportage-nous-meritons-cette-grace-quatre-ans-apres-l-assaut-du-capitole-cette-promesse-de-donald-trump-crispe-les-etats-unis-2345062.html\" rel=\"noopener\" class=\"jsx-3308031228 Link flex\" target=\"_blank\"><img decoding=\"async\" src=\"https:\/\/www.europesays.com\/fr\/wp-content\/uploads\/2025\/11\/le-capitole-americain-envahi-par-les-supporters-de-donald-trump-le-6-janvier-2021-5ca50b-1@1x.jpeg\" alt=\"Le capitole am\u00e9ricain envahi par les supporters de Donald Trump le 6 janvier 2021\" loading=\"lazy\" importance=\"low\" fetchpriority=\"low\" class=\"\" aria-hidden=\"true\"\/><\/p>\n<p class=\"jsx-3657663356 ReadMoreArticle__Title\">Lire aussi<\/p>\n<p class=\"jsx-3657663356\">\u00ab\u00a0Nous m\u00e9ritons cette gr\u00e2ce\u00a0\u00bb : quatre ans apr\u00e8s l&rsquo;assaut du Capitole, la promesse de Trump aux \u00e9meutiers crispe les \u00c9tats-Unis <\/p>\n<p><\/a><\/p>\n<p data-module=\"article-paragraph\" class=\"jsx-3046738180 Paragraph Paragraph__End\">La ministre de la Culture avait par ailleurs soulign\u00e9 qu&rsquo;il ne s&rsquo;agissait \u00ab\u00a0pas seulement de l&rsquo;\u00e9mission Panorama, m\u00eame si c&rsquo;est extr\u00eamement grave, mais d&rsquo;une s\u00e9rie d&rsquo;all\u00e9gations tr\u00e8s graves, dont la plus grave est qu&rsquo;il existe un parti pris syst\u00e9mique dans la mani\u00e8re dont des sujets difficiles sont trait\u00e9s par la BBC\u00a0\u00bb. Dans un message annon\u00e7ant sa d\u00e9cision de d\u00e9missionner \u00e0 ses collaborateurs, transmis par la BBC, Tim Davie a reconnu que \u00ab\u00a0le d\u00e9bat actuel autour de l&rsquo;information de la BBC a contribu\u00e9 \u00e0 (sa) d\u00e9cision\u00a0\u00bb. \u00ab\u00a0Si la BBC travaille globalement bien, il y a eu des erreurs commises et au bout du compte, le directeur g\u00e9n\u00e9ral doit en assumer la responsabilit\u00e9\u00a0\u00bb, a-t-il ajout\u00e9. \u00a0\u00a0<\/p>\n<p>La r\u00e9daction de TF1info avec AFP<\/p>\n","protected":false},"excerpt":{"rendered":"La BBC est accus\u00e9e d&rsquo;avoir mont\u00e9 des passages distincts d&rsquo;un discours de Donald Trump le 6 janvier 2021.&hellip;\n","protected":false},"author":2,"featured_media":523571,"comment_status":"","ping_status":"","sticky":false,"template":"","format":"standard","meta":{"footnotes":""},"categories":[1588],"tags":[1111,11,1921,64379,73,1777,674,1922,500,12,473,1853,1851,1850,1852,133,1920],"class_list":{"0":"post-523570","1":"post","2":"type-post","3":"status-publish","4":"format-standard","5":"has-post-thumbnail","7":"category-royaume-uni","8":"tag-actu","9":"tag-actualites","10":"tag-article-video","11":"tag-assaut-du-capitole-donald-trump-au-centre-du-complot","12":"tag-etats-unis","13":"tag-eu","14":"tag-europe","15":"tag-info","16":"tag-medias","17":"tag-news","18":"tag-royaume-uni","19":"tag-royaume-uni-de-grande-bretagne-et-dirlande-du-nord","20":"tag-uk","21":"tag-united-kingdom","22":"tag-united-kingdom-of-great-britain-and-northern-ireland","23":"tag-video","24":"tag-video-international"},"share_on_mastodon":{"url":"https:\/\/pubeurope.com\/@fr\/115521871995890410","error":""},"_links":{"self":[{"href":"https:\/\/www.europesays.com\/fr\/wp-json\/wp\/v2\/posts\/523570","targetHints":{"allow":["GET"]}}],"collection":[{"href":"https:\/\/www.europesays.com\/fr\/wp-json\/wp\/v2\/posts"}],"about":[{"href":"https:\/\/www.europesays.com\/fr\/wp-json\/wp\/v2\/types\/post"}],"author":[{"embeddable":true,"href":"https:\/\/www.europesays.com\/fr\/wp-json\/wp\/v2\/users\/2"}],"replies":[{"embeddable":true,"href":"https:\/\/www.europesays.com\/fr\/wp-json\/wp\/v2\/comments?post=523570"}],"version-history":[{"count":0,"href":"https:\/\/www.europesays.com\/fr\/wp-json\/wp\/v2\/posts\/523570\/revisions"}],"wp:featuredmedia":[{"embeddable":true,"href":"https:\/\/www.europesays.com\/fr\/wp-json\/wp\/v2\/media\/523571"}],"wp:attachment":[{"href":"https:\/\/www.europesays.com\/fr\/wp-json\/wp\/v2\/media?parent=523570"}],"wp:term":[{"taxonomy":"category","embeddable":true,"href":"https:\/\/www.europesays.com\/fr\/wp-json\/wp\/v2\/categories?post=523570"},{"taxonomy":"post_tag","embeddable":true,"href":"https:\/\/www.europesays.com\/fr\/wp-json\/wp\/v2\/tags?post=523570"}],"curies":[{"name":"wp","href":"https:\/\/api.w.org\/{rel}","templated":true}]}}