{"id":523572,"date":"2025-11-09T21:30:27","date_gmt":"2025-11-09T21:30:27","guid":{"rendered":"https:\/\/www.europesays.com\/fr\/523572\/"},"modified":"2025-11-09T21:30:27","modified_gmt":"2025-11-09T21:30:27","slug":"affaire-maddie-mccann-le-principal-suspect-devrait-etre-autorise-a-quitter-lallemagne","status":"publish","type":"post","link":"https:\/\/www.europesays.com\/fr\/523572\/","title":{"rendered":"Affaire Maddie McCann : le principal suspect devrait \u00eatre autoris\u00e9 \u00e0 quitter l&rsquo;Allemagne"},"content":{"rendered":"<ul class=\"jsx-862013697 ArticleChapo__List\">\n<li class=\"jsx-862013697 ArticleChapo__List_Item flex\">L&rsquo;Allemand Christian Br\u00fcckner, lib\u00e9r\u00e9 en septembre, devrait \u00eatre autoris\u00e9 \u00e0 quitter l&rsquo;Allemagne apr\u00e8s la d\u00e9cision d&rsquo;une cour d&rsquo;appel, le 28 octobre.<\/li>\n<li class=\"jsx-862013697 ArticleChapo__List_Item flex\">L&rsquo;individu est le principal suspect dans l&rsquo;affaire de la disparition de la fillette Maddie McCann, en 2007.<\/li>\n<\/ul>\n<p><a href=\"https:\/\/www.tf1info.fr\/actualite\/affaire-maddie-18-ans-apres-la-disparition-de-nouvelles-recherches-14285\/\" rel=\"noopener\" class=\"jsx-484472199 Link jsx-1428418400 jsx-554215408\" target=\"_blank\"><\/p>\n<p style=\"font-weight:400\" class=\"jsx-1837267516\">Suivez la couverture compl\u00e8te<\/p>\n<p style=\"font-weight:800\" class=\"jsx-1837267516\">Disparition de Maddie : dix-huit ans d&rsquo;enqu\u00eate et de myst\u00e8re <\/p>\n<p><\/a><\/p>\n<p data-module=\"article-paragraph\" class=\"jsx-3046738180 Paragraph\">Christian Br\u00fcckner devrait bient\u00f4t pouvoir quitter l&rsquo;Allemagne. Le 28 octobre dernier, la cour d\u2019appel de Celle (nord) \u00ab\u00a0a partiellement annul\u00e9 l\u2019une des obligations impos\u00e9es \u00e0 M. Br\u00fcckner, selon laquelle il devait fixer sa r\u00e9sidence en Allemagne\u00a0\u00bb, a indiqu\u00e9 \u00e0 l&rsquo;AFP une porte-parole de l&rsquo;instance. L&rsquo;int\u00e9ress\u00e9 est le principal suspect dans l&rsquo;affaire <a href=\"https:\/\/www.tf1info.fr\/justice-faits-divers\/affaire-maddie-mccann-un-test-adn-desavoue-une-polonaise-pretendant-etre-la-fillette-disparue-2401712.html\" target=\"_blank\" rel=\"noopener\">Maddie McCann<\/a>, bien qu&rsquo;il n&rsquo;ait jamais \u00e9t\u00e9 inculp\u00e9 faute de preuves suffisantes et qu&rsquo;il nie toute implication.<\/p>\n<p data-module=\"article-paragraph\" class=\"jsx-3046738180 Paragraph\">L&rsquo;individu est sorti de prison le 17 septembre dernier, apr\u00e8s avoir purg\u00e9 une peine pour le viol d&rsquo;une Am\u00e9ricaine de 72 ans en 2005 au Portugal. Il \u00e9tait consid\u00e9r\u00e9 comme \u00ab\u00a0fonci\u00e8rement dangereux\u00a0\u00bb par le procureur allemand. Jusqu&rsquo;ici, il devait, pour cette raison, porter un bracelet \u00e9lectronique, informer au pr\u00e9alable le tribunal de tout changement de domicile ou de lieu de r\u00e9sidence en Allemagne et obtenir son accord. Apr\u00e8s l&rsquo;annulation partielle de la d\u00e9cision, le tribunal \u00ab\u00a0devra se prononcer \u00e0 nouveau\u00a0\u00bb sur la question de sa domiciliation, a pr\u00e9cis\u00e9 la porte-parole.<\/p>\n<p data-module=\"article-paragraph\" class=\"jsx-3046738180 Paragraph Paragraph__End\"><a href=\"https:\/\/www.tf1info.fr\/justice-faits-divers\/le-principal-suspect-dans-la-disparition-de-maddie-madeleine-mccann-christian-brueckner-acquitte-de-plusieurs-crimes-parquet-fait-apel-2327429.html\" target=\"_blank\" rel=\"noopener\">Christian Br\u00fcckner<\/a>, qui vit actuellement dans un parc \u00e0 Kiel, a affirm\u00e9 que la police allemande voulait le conserver dans le pays pour le \u00ab\u00a0briser\u00a0\u00bb. \u00ab\u00a0Il s&rsquo;av\u00e8re que je n&rsquo;ai m\u00eame pas besoin de rester en Allemagne. Et d\u00e8s que j&rsquo;aurai r\u00e9uni un peu d&rsquo;argent, je partirai\u00a0\u00bb, a-t-il confi\u00e9 au tablo\u00efd Daily Mail.<\/p>\n<p><a href=\"https:\/\/www.tf1info.fr\/justice-faits-divers\/affaire-maddie-madeleine-mccann-le-principal-suspect-christian-bruckner-vit-dans-la-rue-en-allemagne-selon-le-journal-der-spiegel-2402410.html\" rel=\"noopener\" class=\"jsx-3308031228 Link flex\" target=\"_blank\"><img decoding=\"async\" src=\"https:\/\/www.europesays.com\/fr\/wp-content\/uploads\/2025\/11\/christian-b-affaire-maddie-9e3d9e-0@1x.jpeg\" alt=\"Christian Br\u00fcckner, principal suspect dans la disparition de la fillette britannique Madeleine McCann, devant la justice allemande en octobre 2024.\" loading=\"lazy\" importance=\"low\" fetchpriority=\"low\" class=\"\" aria-hidden=\"true\"\/><\/p>\n<p class=\"jsx-3657663356 ReadMoreArticle__Title\">Lire aussi<\/p>\n<p class=\"jsx-3657663356\">Affaire Maddie : le principal suspect vit dans la rue en Allemagne<\/p>\n<p><\/a><\/p>\n<p data-module=\"article-paragraph\" class=\"jsx-3046738180 Paragraph Paragraph__End\">Maddie McCann, alors \u00e2g\u00e9e de 3 ans, s&rsquo;est volatilis\u00e9e en 2007, lors d&rsquo;une soir\u00e9e o\u00f9 ses parents d\u00eenaient dans un restaurant voisin. Sa disparition n&rsquo;a jamais \u00e9t\u00e9 \u00e9lucid\u00e9e. En 2020, les enqu\u00eateurs allemands avaient d\u00e9sign\u00e9 Christian Br\u00fcckner comme leur principal suspect, mais les preuves all\u00e9gu\u00e9es se sont av\u00e9r\u00e9es insuffisantes pour une inculpation. \u00c0 l&rsquo;\u00e9poque des faits, l&rsquo;homme vivait sur la c\u00f4te portugaise de l&rsquo;Algarve, \u00e0 proximit\u00e9 du lieu de vill\u00e9giature des McCann. Un t\u00e9l\u00e9phone portable \u00e0 son nom avait born\u00e9 pr\u00e8s de leur logement le soir de la disparition.<\/p>\n<p>M.G avec AFP<\/p>\n","protected":false},"excerpt":{"rendered":"L&rsquo;Allemand Christian Br\u00fcckner, lib\u00e9r\u00e9 en septembre, devrait \u00eatre autoris\u00e9 \u00e0 quitter l&rsquo;Allemagne apr\u00e8s la d\u00e9cision d&rsquo;une cour d&rsquo;appel,&hellip;\n","protected":false},"author":2,"featured_media":523573,"comment_status":"","ping_status":"","sticky":false,"template":"","format":"standard","meta":{"footnotes":""},"categories":[1587],"tags":[1111,11,672,1921,1804,1805,1803,2715,64380,1777,674,1801,1922,303,12,6996,1802,133,1920],"class_list":{"0":"post-523572","1":"post","2":"type-post","3":"status-publish","4":"format-standard","5":"has-post-thumbnail","7":"category-allemagne","8":"tag-actu","9":"tag-actualites","10":"tag-allemagne","11":"tag-article-video","12":"tag-bundesrepublik-deutschland","13":"tag-de","14":"tag-deutschland","15":"tag-disparition","16":"tag-disparition-de-maddie-dix-huit-ans-denquete-et-de-mystere","17":"tag-eu","18":"tag-europe","19":"tag-germany","20":"tag-info","21":"tag-justice","22":"tag-news","23":"tag-portugal","24":"tag-republique-federale-dallemagne","25":"tag-video","26":"tag-video-international"},"share_on_mastodon":{"url":"https:\/\/pubeurope.com\/@fr\/115521875696179290","error":""},"_links":{"self":[{"href":"https:\/\/www.europesays.com\/fr\/wp-json\/wp\/v2\/posts\/523572","targetHints":{"allow":["GET"]}}],"collection":[{"href":"https:\/\/www.europesays.com\/fr\/wp-json\/wp\/v2\/posts"}],"about":[{"href":"https:\/\/www.europesays.com\/fr\/wp-json\/wp\/v2\/types\/post"}],"author":[{"embeddable":true,"href":"https:\/\/www.europesays.com\/fr\/wp-json\/wp\/v2\/users\/2"}],"replies":[{"embeddable":true,"href":"https:\/\/www.europesays.com\/fr\/wp-json\/wp\/v2\/comments?post=523572"}],"version-history":[{"count":0,"href":"https:\/\/www.europesays.com\/fr\/wp-json\/wp\/v2\/posts\/523572\/revisions"}],"wp:featuredmedia":[{"embeddable":true,"href":"https:\/\/www.europesays.com\/fr\/wp-json\/wp\/v2\/media\/523573"}],"wp:attachment":[{"href":"https:\/\/www.europesays.com\/fr\/wp-json\/wp\/v2\/media?parent=523572"}],"wp:term":[{"taxonomy":"category","embeddable":true,"href":"https:\/\/www.europesays.com\/fr\/wp-json\/wp\/v2\/categories?post=523572"},{"taxonomy":"post_tag","embeddable":true,"href":"https:\/\/www.europesays.com\/fr\/wp-json\/wp\/v2\/tags?post=523572"}],"curies":[{"name":"wp","href":"https:\/\/api.w.org\/{rel}","templated":true}]}}