{"id":523574,"date":"2025-11-09T21:31:14","date_gmt":"2025-11-09T21:31:14","guid":{"rendered":"https:\/\/www.europesays.com\/fr\/523574\/"},"modified":"2025-11-09T21:31:14","modified_gmt":"2025-11-09T21:31:14","slug":"lalsacienne-amandine-muller-bronzee-dans-le-sable","status":"publish","type":"post","link":"https:\/\/www.europesays.com\/fr\/523574\/","title":{"rendered":"l&rsquo;Alsacienne Amandine Muller bronz\u00e9e dans le sable"},"content":{"rendered":"<p>Il n\u2019y a pas eu de Marseillaise dans le sable de Middelkerke, ce week-end en Belgique, comme l\u2019an dernier \u00e0 Pontevedra en Espagne, o\u00f9 C\u00e9lia Gery (AS Bike Rixheim) avait \u00e9t\u00e9 sacr\u00e9e championne d\u2019Europe espoirs. Ce dimanche en Belgique, elle a d\u00fb se contenter de la m\u00e9daille d\u2019argent, terminant \u00e0 1\u201913\u2019\u2019 de la laur\u00e9ate, la N\u00e9erlandaise L\u00e9onie Bentveld. Comp\u00e9titrice dans l\u2019\u00e2me, elle a ressenti de la d\u00e9ception.<\/p>\n<p>Un d\u00e9part catastrophique<\/p>\n<p>\u00ab\u00a0Mais elle a failli ne pas prendre le d\u00e9part apr\u00e8s sa chute avant la course du Koppenbergcross le week-end dernier\u00a0\u00bb, souligne Guillaume Annoye, le manager d\u2019AS Bike. \u00ab\u00a0Elle avait des douleurs au dos et elle s\u2019est battue, mais n\u2019\u00e9tait pas \u00e0 son niveau habituel et fera l\u2019impasse&#8230;<\/p>\n","protected":false},"excerpt":{"rendered":"Il n\u2019y a pas eu de Marseillaise dans le sable de Middelkerke, ce week-end en Belgique, comme l\u2019an&hellip;\n","protected":false},"author":2,"featured_media":523575,"comment_status":"","ping_status":"","sticky":false,"template":"","format":"standard","meta":{"footnotes":""},"categories":[1586],"tags":[11,2389,2649,2880,1777,674,1011,27,12,25,7769,517,64381],"class_list":{"0":"post-523574","1":"post","2":"type-post","3":"status-publish","4":"format-standard","5":"has-post-thumbnail","7":"category-europe","8":"tag-actualites","9":"tag-alsace","10":"tag-bas-rhin","11":"tag-edition-strasbourg","12":"tag-eu","13":"tag-europe","14":"tag-fr","15":"tag-france","16":"tag-news","17":"tag-republique-francaise","18":"tag-secteur-de-brumath","19":"tag-sport","20":"tag-wingersheim-les-quatre-bans"},"share_on_mastodon":{"url":"https:\/\/pubeurope.com\/@fr\/115521878968956976","error":""},"_links":{"self":[{"href":"https:\/\/www.europesays.com\/fr\/wp-json\/wp\/v2\/posts\/523574","targetHints":{"allow":["GET"]}}],"collection":[{"href":"https:\/\/www.europesays.com\/fr\/wp-json\/wp\/v2\/posts"}],"about":[{"href":"https:\/\/www.europesays.com\/fr\/wp-json\/wp\/v2\/types\/post"}],"author":[{"embeddable":true,"href":"https:\/\/www.europesays.com\/fr\/wp-json\/wp\/v2\/users\/2"}],"replies":[{"embeddable":true,"href":"https:\/\/www.europesays.com\/fr\/wp-json\/wp\/v2\/comments?post=523574"}],"version-history":[{"count":0,"href":"https:\/\/www.europesays.com\/fr\/wp-json\/wp\/v2\/posts\/523574\/revisions"}],"wp:featuredmedia":[{"embeddable":true,"href":"https:\/\/www.europesays.com\/fr\/wp-json\/wp\/v2\/media\/523575"}],"wp:attachment":[{"href":"https:\/\/www.europesays.com\/fr\/wp-json\/wp\/v2\/media?parent=523574"}],"wp:term":[{"taxonomy":"category","embeddable":true,"href":"https:\/\/www.europesays.com\/fr\/wp-json\/wp\/v2\/categories?post=523574"},{"taxonomy":"post_tag","embeddable":true,"href":"https:\/\/www.europesays.com\/fr\/wp-json\/wp\/v2\/tags?post=523574"}],"curies":[{"name":"wp","href":"https:\/\/api.w.org\/{rel}","templated":true}]}}