{"id":523578,"date":"2025-11-09T21:33:12","date_gmt":"2025-11-09T21:33:12","guid":{"rendered":"https:\/\/www.europesays.com\/fr\/523578\/"},"modified":"2025-11-09T21:33:12","modified_gmt":"2025-11-09T21:33:12","slug":"mariam-cisse-jeune-tiktokeuse-fusillee-en-public-au-mali-par-des-djihadistes-presumes","status":"publish","type":"post","link":"https:\/\/www.europesays.com\/fr\/523578\/","title":{"rendered":"Mariam Ciss\u00e9, jeune tiktokeuse, \u00ab\u00a0fusill\u00e9e en public\u00a0\u00bb au Mali par des djihadistes pr\u00e9sum\u00e9s"},"content":{"rendered":"<p>Elle avait 90.000 abonn\u00e9es sur <a href=\"https:\/\/www.20minutes.fr\/high-tech\/tiktok\/\" class=\"c-link c-link--is-underlined\" target=\"_blank\" rel=\"noopener\">TikTok<\/a>. O\u00f9 Mariam Ciss\u00e9 partageait des vid\u00e9os \u00e0 propos de sa ville de Tonka, situ\u00e9e dans la r\u00e9gion de Tombouctou, au nord du <a href=\"https:\/\/www.20minutes.fr\/dossier\/mali\" class=\"c-link c-link--is-underlined\" target=\"_blank\" rel=\"noopener\">Mali<\/a>. La jeune femme a \u00e9t\u00e9 enlev\u00e9e jeudi puis ex\u00e9cut\u00e9e en public vendredi par des <a href=\"https:\/\/www.20minutes.fr\/dossier\/jihadistes\" class=\"c-link c-link--is-underlined\" target=\"_blank\" rel=\"noopener\">djihadistes <\/a>pr\u00e9sum\u00e9s qui l\u2019accusaient de collaborer avec l\u2019arm\u00e9e malienne, ont indiqu\u00e9 dimanche un membre de sa famille, une source s\u00e9curitaire et un \u00e9lu local. Son ex\u00e9cution a suscit\u00e9 un vif \u00e9moi dans le pays.<\/p>\n<p>\u00ab\u00a0Ma s\u0153ur a \u00e9t\u00e9 arr\u00eat\u00e9e jeudi par les djihadistes\u00a0\u00bb qui l\u2019accusaient \u00ab\u00a0d\u2019informer l\u2019arm\u00e9e malienne de [leurs] mouvements\u00a0\u00bb, a racont\u00e9 son fr\u00e8re \u00e0 l\u2019AFP. \u00ab\u00a0Le lendemain [vendredi], ils l\u2019ont amen\u00e9e \u00e0 Tonka \u00e0 moto sur la place de l\u2019ind\u00e9pendance [et] ils l\u2019ont fusill\u00e9e. J\u2019\u00e9tais dans le public\u00a0\u00bb, a-t-il poursuivi. \u00ab\u00a0Mariam Ciss\u00e9 a \u00e9t\u00e9 assassin\u00e9e sur une place publique de Tonka vendredi par les djihadistes qui l\u2019accusaient de les avoir film\u00e9s pour le compte de l\u2019arm\u00e9e malienne\u00a0\u00bb, a \u00e9galement affirm\u00e9 \u00e0 l\u2019AFP une source s\u00e9curitaire sous couvert d\u2019anonymat, d\u00e9non\u00e7ant \u00ab\u00a0une barbarie\u00a0\u00bb. Un \u00e9lu local a confirm\u00e9 \u00e0 l\u2019AFP son ex\u00e9cution qu\u2019il a qualifi\u00e9e \u00ab\u00a0d\u2019acte ignoble\u00a0\u00bb.<\/p>\n<p>Crise s\u00e9curitaire<\/p>\n<p>Le Mali, <a href=\"https:\/\/www.20minutes.fr\/monde\/4163177-20250711-mali-chef-junte-militaire-devient-president-elections-ca-pourrait-durer-longtemps\" class=\"c-link c-link--is-underlined\" target=\"_blank\" rel=\"noopener\">dirig\u00e9 par une junte<\/a>, est confront\u00e9 depuis\u00a02012 \u00e0 une profonde crise s\u00e9curitaire nourrie notamment par les violences de groupes djihadistes affili\u00e9s \u00e0 <a href=\"https:\/\/www.20minutes.fr\/monde\/al-qaida\/\" class=\"c-link c-link--is-underlined\" target=\"_blank\" rel=\"noopener\">Al-Qa\u00efda<\/a> et \u00e0 l\u2019organisation Etat islamique (EI), ainsi que de groupes criminels communautaires. Elle s\u2019ajoute \u00e0 une grave crise \u00e9conomique.<\/p>\n<\/p>\n<p>Les djihadistes du Groupe de soutien \u00e0 l\u2019islam et aux musulmans (JNIM) ont impos\u00e9 ces derni\u00e8res semaines jusqu\u2019\u00e0 Bamako un blocus sur les importations de carburant, paralysant l\u2019\u00e9conomie de ce pays sah\u00e9lien enclav\u00e9. Le JNIM resserre \u00e9galement l\u2019\u00e9tau sur le r\u00e9gime militaire, de plus en plus fragilis\u00e9.<\/p>\n","protected":false},"excerpt":{"rendered":"Elle avait 90.000 abonn\u00e9es sur TikTok. O\u00f9 Mariam Ciss\u00e9 partageait des vid\u00e9os \u00e0 propos de sa ville de&hellip;\n","protected":false},"author":2,"featured_media":523579,"comment_status":"","ping_status":"","sticky":false,"template":"","format":"standard","meta":{"footnotes":""},"categories":[2],"tags":[47,11,8482,7904,33909,25588,1011,27,1136,74,12,25,938,1254,2439],"class_list":{"0":"post-523578","1":"post","2":"type-post","3":"status-publish","4":"format-standard","5":"has-post-thumbnail","7":"category-actualites","8":"tag-actualite","9":"tag-actualites","10":"tag-al-qaida","11":"tag-by-the-web","12":"tag-daesh","13":"tag-djihadistes","14":"tag-fr","15":"tag-france","16":"tag-mali","17":"tag-monde","18":"tag-news","19":"tag-republique-francaise","20":"tag-reseaux-sociaux","21":"tag-terrorisme","22":"tag-tiktok"},"share_on_mastodon":{"url":"https:\/\/pubeurope.com\/@fr\/115521887466460538","error":""},"_links":{"self":[{"href":"https:\/\/www.europesays.com\/fr\/wp-json\/wp\/v2\/posts\/523578","targetHints":{"allow":["GET"]}}],"collection":[{"href":"https:\/\/www.europesays.com\/fr\/wp-json\/wp\/v2\/posts"}],"about":[{"href":"https:\/\/www.europesays.com\/fr\/wp-json\/wp\/v2\/types\/post"}],"author":[{"embeddable":true,"href":"https:\/\/www.europesays.com\/fr\/wp-json\/wp\/v2\/users\/2"}],"replies":[{"embeddable":true,"href":"https:\/\/www.europesays.com\/fr\/wp-json\/wp\/v2\/comments?post=523578"}],"version-history":[{"count":0,"href":"https:\/\/www.europesays.com\/fr\/wp-json\/wp\/v2\/posts\/523578\/revisions"}],"wp:featuredmedia":[{"embeddable":true,"href":"https:\/\/www.europesays.com\/fr\/wp-json\/wp\/v2\/media\/523579"}],"wp:attachment":[{"href":"https:\/\/www.europesays.com\/fr\/wp-json\/wp\/v2\/media?parent=523578"}],"wp:term":[{"taxonomy":"category","embeddable":true,"href":"https:\/\/www.europesays.com\/fr\/wp-json\/wp\/v2\/categories?post=523578"},{"taxonomy":"post_tag","embeddable":true,"href":"https:\/\/www.europesays.com\/fr\/wp-json\/wp\/v2\/tags?post=523578"}],"curies":[{"name":"wp","href":"https:\/\/api.w.org\/{rel}","templated":true}]}}