{"id":523580,"date":"2025-11-09T21:34:14","date_gmt":"2025-11-09T21:34:14","guid":{"rendered":"https:\/\/www.europesays.com\/fr\/523580\/"},"modified":"2025-11-09T21:34:14","modified_gmt":"2025-11-09T21:34:14","slug":"grand-prix-du-bresil-de-f1-resultats-et-classements-constructeurs-pilotes","status":"publish","type":"post","link":"https:\/\/www.europesays.com\/fr\/523580\/","title":{"rendered":"Grand Prix du Br\u00e9sil de F1\u00a0: R\u00e9sultats et classements (constructeurs\/pilotes)"},"content":{"rendered":"<p>Le Grand Prix du Br\u00e9sil a tenu toutes ses promesses dimanche apr\u00e8s-midi. Lando Norris a domin\u00e9 les d\u00e9bats et a fait un pas de plus vers le titre de champion du monde. Il remporte la 11e victoire de sa carri\u00e8re et compte d\u00e9sormais 24 points d\u2019avance sur son co\u00e9quipier de McLaren Oscar Piastri, 5e \u00e0 S\u00e3o Paulo dimanche. L\u2019Australien a pourtant anim\u00e9 les d\u00e9bats d\u00e8s le premier tour. En voulant d\u00e9passer par l\u2019ext\u00e9rieur, il a fonc\u00e9 dans le tas lors du restart apr\u00e8s la voiture de s\u00e9curit\u00e9 et a \u00e9t\u00e9 p\u00e9nalis\u00e9 de 10 secondes. Charles Leclerc a abandonn\u00e9 suite \u00e0 cet incident et son co\u00e9quipier de Ferrari Lewis Hamilton l\u2019a imit\u00e9, apr\u00e8s une p\u00e9nalit\u00e9, \u00e0 bord d\u2019une voiture trop endommag\u00e9e.<\/p>\n<p class=\"mb-xxl@xs color-ultramarine font-weight-semi-bold@xs font-source-serif-pro heading-s@xs\">L\u2019acc\u00e8s \u00e0 ce contenu a \u00e9t\u00e9 bloqu\u00e9 afin de respecter votre choix de consentement<\/p>\n<p class=\"mb-m@xs text-l@xs\">En cliquant sur\u00ab J\u2019accepte \u00bb, vous acceptez le d\u00e9p\u00f4t de cookies par des services externes et aurez ainsi acc\u00e8s aux contenus de nos partenaires.<\/p>\n<p class=\"mb-xl@xs text-s@xs\">Plus d\u2019informations sur la page<a href=\"https:\/\/www.20minutes.fr\/gestion-cookies\" class=\"mx-xxs@xs color-ultramarine\" target=\"_blank\" rel=\"noopener\">Politique de gestion des cookies<\/a><\/p>\n<p>J\u2019accepteMax Vertsappen, remontada exceptionnelle<\/p>\n<p>Parti 19e depuis la voie des stands, le N\u00e9erlandais de Red Bull a \u00e9t\u00e9 leader au 52e tour, \u00e0 la surprise g\u00e9n\u00e9rale. Il a finalement termin\u00e9 3e apr\u00e8s avoir mis une grosse pression sur le jeune de Mercedes, Kimi Antonelli, 2e au final, dans les derniers kilom\u00e8tres.<\/p>\n<p>Du c\u00f4t\u00e9 des pilotes <a href=\"https:\/\/www.20minutes.fr\/dossier\/francais\" class=\"c-link c-link--is-underlined\" target=\"_blank\" rel=\"noopener\">fran\u00e7ais<\/a>, Isack Hadjar (Racing Bulls) a sign\u00e9 le meilleur r\u00e9sultat en terminant 8e Pierre Gasly (Alpine) a fini 10e et son compatriote Esteban Ocon (Haas) 12e.<\/p>\n<p>Le classement du Grand Prix de F1 du Br\u00e9sil 2025<\/p>\n<ol>\n<li>Lando Norris &#8211; McLaren, 1h34&rsquo;18\u00a0\u00bb410<\/li>\n<li>Andrea Kimi Antonelli &#8211; Mercedes, \u00e0 10\u00a0\u00bb388<\/li>\n<li><a href=\"https:\/\/www.20minutes.fr\/sport\/max-verstappen\/\" class=\"c-link c-link--is-underlined\" target=\"_blank\" rel=\"noopener\">Max Verstappen<\/a> &#8211; Red Bull Racing, \u00e0 10\u00a0\u00bb750<\/li>\n<li>George Russell &#8211; <a href=\"https:\/\/www.20minutes.fr\/dossier\/mercedes\" class=\"c-link c-link--is-underlined\" target=\"_blank\" rel=\"noopener\">Mercedes<\/a>, \u00e0 15\u00a0\u00bb267<\/li>\n<li>Oscar Piastri &#8211; <a href=\"https:\/\/www.20minutes.fr\/dossier\/mclaren\" class=\"c-link c-link--is-underlined\" target=\"_blank\" rel=\"noopener\">McLaren<\/a>, \u00e0 15\u00a0\u00bb749<\/li>\n<li>Oliver Bearman &#8211; Haas F1 Team<\/li>\n<li>Liam Lawson &#8211; Racing Bulls<\/li>\n<li>Isack Hadjar &#8211; Racing Bulls<\/li>\n<li>Nico H\u00fclkenberg &#8211; Kick Sauber<\/li>\n<li><a href=\"https:\/\/www.20minutes.fr\/sport\/pierre-gasly\/\" class=\"c-link c-link--is-underlined\" target=\"_blank\" rel=\"noopener\">Pierre Gasly<\/a> &#8211; Alpine<\/li>\n<li>Alexander Albon &#8211; Williams<\/li>\n<li><a href=\"https:\/\/www.20minutes.fr\/sport\/esteban-ocon\/\" class=\"c-link c-link--is-underlined\" target=\"_blank\" rel=\"noopener\">Esteban Ocon<\/a> &#8211; Haas F1 Team<\/li>\n<li>Carlos Jr. Sainz &#8211; Williams<\/li>\n<li>Fernando Alonso &#8211; Aston Martin<\/li>\n<li>Franco Colapinto &#8211; Alpine<\/li>\n<li>Lance Stroll &#8211; <a href=\"https:\/\/www.20minutes.fr\/economie\/auto\/aston-martin\/\" class=\"c-link c-link--is-underlined\" target=\"_blank\" rel=\"noopener\">Aston Martin<\/a><\/li>\n<li>Yuki Tsunoda &#8211; <a href=\"https:\/\/www.20minutes.fr\/sport\/red-bull-racing\/\" class=\"c-link c-link--is-underlined\" target=\"_blank\" rel=\"noopener\">Red Bull Racing<\/a><\/li>\n<li><a href=\"https:\/\/www.20minutes.fr\/sport\/lewis_hamilton\/\" class=\"c-link c-link--is-underlined\" target=\"_blank\" rel=\"noopener\">Lewis Hamilton<\/a> &#8211; Ferrari, abandon<\/li>\n<li>Gabriel Bortoleto &#8211; Kick Sauber &#8211; abandon (tour 0)<\/li>\n<li>Charles Leclerc &#8211; <a href=\"https:\/\/www.20minutes.fr\/sport\/ferrari\/\" class=\"c-link c-link--is-underlined\" target=\"_blank\" rel=\"noopener\">Ferrari<\/a>, abandon<\/li>\n<\/ol>\n<p>Le classement au championnat du monde de F1 2025<\/p>\n<ol>\n<li>L.\u00a0Norris\t390 points, 7 victoires<\/li>\n<li>O.\u00a0Piastri\t366 points, 7<\/li>\n<li>M.\u00a0Verstappen\t341 &#8211; 5<\/li>\n<li>G.\u00a0Russell\t276 &#8211; 2<\/li>\n<li>C.\u00a0Leclerc\t214\t&#8211;<\/li>\n<li>L.\u00a0Hamilton\t148\t&#8211;<\/li>\n<li>A.\u00a0Antonelli\t122\t&#8211;<\/li>\n<li>A.\u00a0Albon\t73\t&#8211;<\/li>\n<li>I.\u00a0Hadjar\t43\t&#8211;<\/li>\n<li>N.\u00a0H\u00fclkenberg\t43\t&#8211;<\/li>\n<li>O.\u00a0Bearman\t40\t&#8211;<\/li>\n<li>F.\u00a0Alonso\t40\t&#8211;<\/li>\n<li>C.\u00a0Sainz\t38\t&#8211;<\/li>\n<li>L.\u00a0Lawson\t36\t&#8211;<\/li>\n<li>L.\u00a0Stroll\t32\t&#8211;<\/li>\n<li>E.\u00a0Ocon\t30\t&#8211;<\/li>\n<li>Y. Tsunoda\t28\t&#8211;<\/li>\n<li>P.\u00a0Gasly\t22\t&#8211;<\/li>\n<li>G.\u00a0Bortoleto\t19\t&#8211;<\/li>\n<li>F.\u00a0Colapinto\t0\t&#8211;<\/li>\n<li>J.\u00a0Doohan\t0\t&#8211;<\/li>\n<\/ol>\n<p>Le classement des contructeur au championnat du monde 2025<\/p>\n<p>1\t\tMcLaren\t756 points<\/p>\n<p>2\t\tMercedes\t398<\/p>\n<p>3\t\tRed Bull Racing\t366<\/p>\n<p>4\t\tFerrari\t362<\/p>\n<p>5\t\tWilliams\t111<\/p>\n<p>6\t\tRacing Bulls\t82<\/p>\n<p>7\t\tAston Martin\t72<\/p>\n<p>8\t\tHaas F1 Team\t70<\/p>\n<p>9\t\tKick Sauber\t62<\/p>\n<p>10\t\tAlpine\t22<\/p>\n","protected":false},"excerpt":{"rendered":"Le Grand Prix du Br\u00e9sil a tenu toutes ses promesses dimanche apr\u00e8s-midi. Lando Norris a domin\u00e9 les d\u00e9bats&hellip;\n","protected":false},"author":2,"featured_media":523581,"comment_status":"","ping_status":"","sticky":false,"template":"","format":"standard","meta":{"footnotes":""},"categories":[2],"tags":[11,2548,7842,1011,27,7843,12,13449,25,517],"class_list":{"0":"post-523580","1":"post","2":"type-post","3":"status-publish","4":"format-standard","5":"has-post-thumbnail","7":"category-actualites","8":"tag-actualites","9":"tag-bresil","10":"tag-formule-1-f1","11":"tag-fr","12":"tag-france","13":"tag-grand-prix-f1","14":"tag-news","15":"tag-red-bull-racing","16":"tag-republique-francaise","17":"tag-sport"},"share_on_mastodon":{"url":"https:\/\/pubeurope.com\/@fr\/115521890886733372","error":""},"_links":{"self":[{"href":"https:\/\/www.europesays.com\/fr\/wp-json\/wp\/v2\/posts\/523580","targetHints":{"allow":["GET"]}}],"collection":[{"href":"https:\/\/www.europesays.com\/fr\/wp-json\/wp\/v2\/posts"}],"about":[{"href":"https:\/\/www.europesays.com\/fr\/wp-json\/wp\/v2\/types\/post"}],"author":[{"embeddable":true,"href":"https:\/\/www.europesays.com\/fr\/wp-json\/wp\/v2\/users\/2"}],"replies":[{"embeddable":true,"href":"https:\/\/www.europesays.com\/fr\/wp-json\/wp\/v2\/comments?post=523580"}],"version-history":[{"count":0,"href":"https:\/\/www.europesays.com\/fr\/wp-json\/wp\/v2\/posts\/523580\/revisions"}],"wp:featuredmedia":[{"embeddable":true,"href":"https:\/\/www.europesays.com\/fr\/wp-json\/wp\/v2\/media\/523581"}],"wp:attachment":[{"href":"https:\/\/www.europesays.com\/fr\/wp-json\/wp\/v2\/media?parent=523580"}],"wp:term":[{"taxonomy":"category","embeddable":true,"href":"https:\/\/www.europesays.com\/fr\/wp-json\/wp\/v2\/categories?post=523580"},{"taxonomy":"post_tag","embeddable":true,"href":"https:\/\/www.europesays.com\/fr\/wp-json\/wp\/v2\/tags?post=523580"}],"curies":[{"name":"wp","href":"https:\/\/api.w.org\/{rel}","templated":true}]}}