{"id":523584,"date":"2025-11-09T21:36:15","date_gmt":"2025-11-09T21:36:15","guid":{"rendered":"https:\/\/www.europesays.com\/fr\/523584\/"},"modified":"2025-11-09T21:36:15","modified_gmt":"2025-11-09T21:36:15","slug":"une-annee-record-pour-le-golf-international-du-cap-dagde","status":"publish","type":"post","link":"https:\/\/www.europesays.com\/fr\/523584\/","title":{"rendered":"Une ann\u00e9e record pour le golf international du Cap d\u2019Agde"},"content":{"rendered":"<p>Le golf international du Cap d\u2019Agde signe cette ann\u00e9e une saison record, comme le souligne son directeur, Claude Goudard : \u00ab\u00a0Nous avons v\u00e9cu une ann\u00e9e tr\u00e8s particuli\u00e8re, avec un nombre de visiteurs apr\u00e8s la saison touristique exceptionnelle. Le d\u00e9but de l\u2019ann\u00e9e avait \u00e9t\u00e9 maussade avec le contexte g\u00e9n\u00e9ral et la m\u00e9t\u00e9o. Nous avons repris un regain d\u2019activit\u00e9 aux mois de mai et juin, un mois de juillet tr\u00e8s moyen et un mois d\u2019ao\u00fbt fid\u00e8le, dans ses r\u00e9sultats, aux autres ann\u00e9es. En revanche, en septembre et octobre, nous affichons des chiffres exceptionnels de fr\u00e9quentation sur notre golf : plus 25 % de chiffre d\u2019affaires en septembre, dont 15 % gr\u00e2ce \u00e0 l\u2019afflux des joueurs de passage, et plus 20 % de chiffre d\u2019affaires en octobre, dont 30 % dus \u00e0 cet afflux\u00a0\u00bb.<\/p>\n<p>Ces r\u00e9sultats sont dus \u00e0 plusieurs param\u00e8tres. Une m\u00e9t\u00e9o cl\u00e9mente en arri\u00e8re-saison a encourag\u00e9 la venue de nouveaux joueurs, venus de France et de l\u2019\u00e9tranger. Mais aussi, selon le responsable, le golf du Cap d\u2019Agde atteint aujourd\u2019hui une v\u00e9ritable maturit\u00e9 de sa structure. La qualit\u00e9 du golf, avec son arrosage sans contrainte -pour rappel, le golf est arros\u00e9 par la r\u00e9utilisation des eaux us\u00e9es, un syst\u00e8me innovant, \u00e9cologique et durable &#8211; permet d\u2019avoir un parcours tr\u00e8s vert alors que bon nombre de golfs \u00e9taient soumis \u00e0 des restrictions d\u2019arrosage, ne proposant que des greens verdoyants.<\/p>\n<p>La qualit\u00e9 de l\u2019infrastructure contribue \u00e9galement \u00e0 ces r\u00e9sultats. Lors des travaux d\u2019arrosage, celui-ci a \u00e9t\u00e9 optimis\u00e9, offrant un golf mieux irrigu\u00e9 qu\u2019auparavant. Le nouveau practice de derni\u00e8re g\u00e9n\u00e9ration, \u00e0 la fois plus ludique et connect\u00e9, s\u00e9duit une client\u00e8le renouvel\u00e9e, notamment parmi les jeunes.<\/p>\n<p>La r\u00e9novation du club-house a hiss\u00e9 le golf \u00e0 un niveau d\u2019accueil d\u2019excellence. Des salles de s\u00e9minaires et de r\u00e9unions permettent \u00e9galement de faire d\u00e9couvrir la structure au monde de l\u2019entreprise.<\/p>\n<p>\u00ab\u00a0C\u2019est une belle r\u00e9ussite pour l\u2019ensemble de l\u2019\u00e9quipe, une vraie satisfaction du service rendu, explique le directeur. Nous sommes 18 salari\u00e9s, dont 10 jardiniers, 4 personnes \u00e0 l\u2019accueil, 2 administratifs et 2 personnes \u00e0 la surveillance du parcours. Le d\u00e9veloppement du parcours \u00e0 27 trous s\u2019inscrit dans la politique locale d\u2019\u00e9talement des saisons et renforce l\u2019attractivit\u00e9 du site. Par exemple, nous avons organis\u00e9 des comp\u00e9titions sur ce dernier trimestre de l\u2019ann\u00e9e, comme le Grand Prix, qui aura lieu fin novembre. Tout est en place pour accueillir les visiteurs, les 650 abonn\u00e9s annuels, les quarante enfants de l\u2019\u00e9cole de golf et tous ceux qui souhaitent s\u2019initier \u00e0 la pratique avec des stages d\u00e9couverte.\u00a0\u00bb<\/p>\n<p>Correspondant Midi Libre : 06 80 28 29 54.<\/p>\n","protected":false},"excerpt":{"rendered":"Le golf international du Cap d\u2019Agde signe cette ann\u00e9e une saison record, comme le souligne son directeur, Claude&hellip;\n","protected":false},"author":2,"featured_media":523585,"comment_status":"","ping_status":"","sticky":false,"template":"","format":"standard","meta":{"footnotes":""},"categories":[1418],"tags":[1011,27,1472,60],"class_list":{"0":"post-523584","1":"post","2":"type-post","3":"status-publish","4":"format-standard","5":"has-post-thumbnail","7":"category-golf","8":"tag-fr","9":"tag-france","10":"tag-golf","11":"tag-sports"},"share_on_mastodon":{"url":"https:\/\/pubeurope.com\/@fr\/115521898665145131","error":""},"_links":{"self":[{"href":"https:\/\/www.europesays.com\/fr\/wp-json\/wp\/v2\/posts\/523584","targetHints":{"allow":["GET"]}}],"collection":[{"href":"https:\/\/www.europesays.com\/fr\/wp-json\/wp\/v2\/posts"}],"about":[{"href":"https:\/\/www.europesays.com\/fr\/wp-json\/wp\/v2\/types\/post"}],"author":[{"embeddable":true,"href":"https:\/\/www.europesays.com\/fr\/wp-json\/wp\/v2\/users\/2"}],"replies":[{"embeddable":true,"href":"https:\/\/www.europesays.com\/fr\/wp-json\/wp\/v2\/comments?post=523584"}],"version-history":[{"count":0,"href":"https:\/\/www.europesays.com\/fr\/wp-json\/wp\/v2\/posts\/523584\/revisions"}],"wp:featuredmedia":[{"embeddable":true,"href":"https:\/\/www.europesays.com\/fr\/wp-json\/wp\/v2\/media\/523585"}],"wp:attachment":[{"href":"https:\/\/www.europesays.com\/fr\/wp-json\/wp\/v2\/media?parent=523584"}],"wp:term":[{"taxonomy":"category","embeddable":true,"href":"https:\/\/www.europesays.com\/fr\/wp-json\/wp\/v2\/categories?post=523584"},{"taxonomy":"post_tag","embeddable":true,"href":"https:\/\/www.europesays.com\/fr\/wp-json\/wp\/v2\/tags?post=523584"}],"curies":[{"name":"wp","href":"https:\/\/api.w.org\/{rel}","templated":true}]}}