{"id":523586,"date":"2025-11-09T21:38:14","date_gmt":"2025-11-09T21:38:14","guid":{"rendered":"https:\/\/www.europesays.com\/fr\/523586\/"},"modified":"2025-11-09T21:38:14","modified_gmt":"2025-11-09T21:38:14","slug":"rugby-nationale-2-un-point-a-lorgueil-pour-le-sa-mauleon-a-valence-dagen","status":"publish","type":"post","link":"https:\/\/www.europesays.com\/fr\/523586\/","title":{"rendered":"Rugby &#8211; Nationale 2\u00a0: un point \u00e0 l\u2019orgueil pour le SA Maul\u00e9on \u00e0 Valence d\u2019Agen"},"content":{"rendered":"<p>Le d\u00e9but de match est Maul\u00e9onais. Deux p\u00e9nalit\u00e9s d\u2019Aguer permettent aux visiteurs de mener 0-6 avant de subir le r\u00e9veil Tarn-et-Garonnais. Guillaume Camps l\u2019avait annonc\u00e9 dans la semaine. Valence aime le jeu \u00e0 une passe devant la d\u00e9fense. L\u2019entra\u00eeneur des arri\u00e8res n\u2019a donc pas \u00e9t\u00e9 surpris de voir les Ciel et Blanc multiplier les phases d\u2019affrontement direct. Le buteur Piquemal et l\u2019ailier Bertram en coin punissaient les erreurs basques, pour un score de 13-6 \u00e0 la pause.<\/p>\n<p>Petti est d\u00e9j\u00e0 grand<\/p>\n<p>Puis de 20-6 avant l\u2019heure de jeu gr\u00e2ce \u00e0 l\u2019essai en filou de l\u2019autre ailier valencien (54e). Maul\u00e9on venait de conc\u00e9der un cinglant 20-0 mais r\u00e9agissait superbement. Dorian Ciosse passait la ligne apr\u00e8s une p\u00e9naltouche \u00e0 5 m\u00e8tres. Florian Aguer doublait la mise 5 minutes plus tard, apr\u00e8s une action \u00e9galement partie d\u2019une p\u00e9naltouche (20-18, 61e). L\u2019ouvreur manquait de r\u00e9ussite sur sa transformation contrairement \u00e0 son homologue Piquemal qui redonnait un peu d\u2019air aux locaux (23-18, 68e).<\/p>\n<p>Le premier \u00e9chec au pied du buteur de Valence-d\u2019Agen (74e) laissait Maul\u00e9on dans le bonus d\u00e9fensif. Le SAM n\u2019avait pas l\u2019occasion d\u2019arracher la victoire sur le gong, perturb\u00e9 par l\u2019alignement adverse. A contrario, la tr\u00e8s belle tenue de la m\u00eal\u00e9e souletine est \u00e0 ranger au rayon des points positifs de ce match. \u00c0 l\u2019image du tout jeune pilier Petti Arrossagaray, 18\u00a0ans, qui pour sa premi\u00e8re en Nationale 2 aura tenu la drag\u00e9e haute au pack tarn-et-garonnais.<\/p>\n<p>Encore une fois consistant loin de leurs bases, les Rouge et Blanc ram\u00e8nent un pr\u00e9cieux point de bonus en Soule. \u00c0 confirmer dimanche prochain lors de la r\u00e9ception cruciale du leader Langon.<\/p>\n<p>    La r\u00e9action<br \/>\nDorian Ciosse (Talonneur du SAM)\u00a0: \u00ab\u00a0On avait \u00e0 c\u0153ur de se racheter de notre 2e mi-temps catastrophique \u00e0 Nantes. On a montr\u00e9 du caract\u00e8re et un gros \u00e9tat d\u2019esprit. Comme depuis le d\u00e9but de la saison, quelques d\u00e9tails font que cela ne bascule pas pour nous. Mais on ram\u00e8ne un point important pour le maintien donc on ne va pas cracher dessus\u00a0\u00bb.<\/p>\n<p>    Fiche technique<br \/>\nValence-d\u2019Agen 23<br \/>Ont jou\u00e9\u00a0: Piquemal &#8211; Swanepoel, Fabre, Henric, Bertram &#8211; (o) Pouzoulic, (m) Dulay &#8211; Lolesio, Lescout, Bou\u00e9 &#8211; Feuillerat, Essid &#8211; Meksoud, Khanfous (cap), Gros. Entr\u00e9s en jeu\u00a0: Rivier, Agueni, Zaitri, El Bechir, Borderies, Lecareux, Dellac, Benlebbad<br \/>Manager\u00a0: Nicolas Crubil\u00e9<br \/>Maul\u00e9on 18<br \/>Ont jou\u00e9\u00a0: Pribat &#8211; Eppherre, Labarriere (Rosier, 71e), Gourg, Montet (Arla, 55e) &#8211; (o) Aguer, (m) Dubi\u00e9 (Donnadieu, 71e) &#8211; Ziegler (Etchebarne, 69e), Etchebarne (Caballero, 55e), Le Tiec (Peyres, 69e) &#8211; Peyres (Vermersch, 55e), Darricau &#8211; Arrossagaray (Pelaez, 49e), Etcheberry (Ciosse, 45e), X.Loustau (Maidana, 49e)<br \/>Entraineurs\u00a0: Nicolas Labaigs et Guillaume Camps<br \/>\u00c0 Valence-D\u2019agen (stade Baylet) Mi-temps\u00a0: 13-6Spectateurs\u00a0: 300 Arbitre\u00a0: Remi Favier<br \/>Pour Valence-d\u2019Agen\u00a0: 2 essais Bertram (36e), Swanepoel (53e)\u00a0; 2 transformations et 3 p\u00e9nalit\u00e9s (18e, 40e, 68e) Piquemal<br \/>Pour Maul\u00e9on\u00a0: 2 essais Ciosse (56e), Aguer (61e)\u00a0; 1 transformation (57e) et 2 p\u00e9nalit\u00e9s (5e, 15e) Aguer.<br \/>Cartons jaunes\u00a0: Labarriere (40e), Maidana (52e) \u00e0 Maul\u00e9on\u00a0; Bou\u00e9 (29e) \u00e0 Valence-d\u2019Agen<\/p>\n","protected":false},"excerpt":{"rendered":"Le d\u00e9but de match est Maul\u00e9onais. Deux p\u00e9nalit\u00e9s d\u2019Aguer permettent aux visiteurs de mener 0-6 avant de subir&hellip;\n","protected":false},"author":2,"featured_media":523587,"comment_status":"","ping_status":"","sticky":false,"template":"","format":"standard","meta":{"footnotes":""},"categories":[1416],"tags":[1011,27,479,1468,60],"class_list":{"0":"post-523586","1":"post","2":"type-post","3":"status-publish","4":"format-standard","5":"has-post-thumbnail","7":"category-rugby","8":"tag-fr","9":"tag-france","10":"tag-rugby","11":"tag-rugby-football","12":"tag-sports"},"share_on_mastodon":{"url":"https:\/\/pubeurope.com\/@fr\/115521906540931388","error":""},"_links":{"self":[{"href":"https:\/\/www.europesays.com\/fr\/wp-json\/wp\/v2\/posts\/523586","targetHints":{"allow":["GET"]}}],"collection":[{"href":"https:\/\/www.europesays.com\/fr\/wp-json\/wp\/v2\/posts"}],"about":[{"href":"https:\/\/www.europesays.com\/fr\/wp-json\/wp\/v2\/types\/post"}],"author":[{"embeddable":true,"href":"https:\/\/www.europesays.com\/fr\/wp-json\/wp\/v2\/users\/2"}],"replies":[{"embeddable":true,"href":"https:\/\/www.europesays.com\/fr\/wp-json\/wp\/v2\/comments?post=523586"}],"version-history":[{"count":0,"href":"https:\/\/www.europesays.com\/fr\/wp-json\/wp\/v2\/posts\/523586\/revisions"}],"wp:featuredmedia":[{"embeddable":true,"href":"https:\/\/www.europesays.com\/fr\/wp-json\/wp\/v2\/media\/523587"}],"wp:attachment":[{"href":"https:\/\/www.europesays.com\/fr\/wp-json\/wp\/v2\/media?parent=523586"}],"wp:term":[{"taxonomy":"category","embeddable":true,"href":"https:\/\/www.europesays.com\/fr\/wp-json\/wp\/v2\/categories?post=523586"},{"taxonomy":"post_tag","embeddable":true,"href":"https:\/\/www.europesays.com\/fr\/wp-json\/wp\/v2\/tags?post=523586"}],"curies":[{"name":"wp","href":"https:\/\/api.w.org\/{rel}","templated":true}]}}