{"id":523594,"date":"2025-11-09T21:45:17","date_gmt":"2025-11-09T21:45:17","guid":{"rendered":"https:\/\/www.europesays.com\/fr\/523594\/"},"modified":"2025-11-09T21:45:17","modified_gmt":"2025-11-09T21:45:17","slug":"nadia-tereszkiewicz-est-elle-en-couple","status":"publish","type":"post","link":"https:\/\/www.europesays.com\/fr\/523594\/","title":{"rendered":"Nadia Tereszkiewicz est-elle en couple ?"},"content":{"rendered":"<p>Sorti au cin\u00e9ma en 2023. Le film baptis\u00e9 Mon crime,<br \/>\n<strong>r\u00e9alis\u00e9 par Fran\u00e7ois Ozon<\/strong>, sera diffus\u00e9 pour la<br \/>\npremi\u00e8re fois en clair \u00e0 la t\u00e9l\u00e9vision le dimanche 9 novembre 2025.<br \/>\n\u00c0 partir de 21h05 sur France 2. Port\u00e9 par <a href=\"https:\/\/www.telestar.fr\/actu_tv\/c_a_vous\/c-a-vous-malaise-pour-francois-civil-confronte-a-son-crush-en-direct-il-ne-sait-plus-ou-se-mettre-1741256\" target=\"_blank\" rel=\"noopener\"><br \/>\nNadia Tereszkiewicz<\/a>, Rebecca Marder, <a href=\"https:\/\/www.closermag.fr\/people\/isabelle-huppert-cette-dependance-dont-elle-narrive-pas-a-se-liberer-3588297\" target=\"_blank\" rel=\"noopener\"><br \/>\nIsabelle Huppert<\/a>, <a href=\"https:\/\/www.closermag.fr\/people\/dany-boon-et-sa-nouvelle-compagne-clara-vello-reperes-dans-un-chic-hotel-parisien-video-3586312\" target=\"_blank\" rel=\"noopener\"><br \/>\nDany Boon<\/a> et <a href=\"https:\/\/www.closermag.fr\/people\/ca-magace-un-peu-a-la-longue-fabrice-luchini-se-prend-une-balle-perdue-dun-celebre-acteur-3565820\" target=\"_blank\" rel=\"noopener\"><br \/>\nFabrice Luchini<\/a>. Ce long-m\u00e9trage est en fait l&rsquo;adaptation<br \/>\ncin\u00e9matographique de la pi\u00e8ce \u00e9ponyme cr\u00e9\u00e9e en 1934.<\/p>\n<p>En\u00a01935, \u00e0\u00a0Paris. Madeleine Verdier est une jeune et<br \/>\njolie actrice qui peine \u00e0 obtenir des r\u00f4les. <strong>En cons\u00e9quence<br \/>\nd\u00e9sargent\u00e9e<\/strong>. Elle partage une mansarde sans eau courante<br \/>\navec son amie Pauline Maul\u00e9on. Jeune avocate qui court apr\u00e8s le<br \/>\nclient. Madeleine a pour amoureux Andr\u00e9 Bonnard. Le fils du<br \/>\npropri\u00e9taire d&rsquo;une grande manufacture de pneus. Qui ne re\u00e7oit que<br \/>\npeu de subsides de son p\u00e8re.<\/p>\n<p>Nadia Tereszkiewicz est extr\u00eamement discr\u00e8te au sujet de sa vie<br \/>\npriv\u00e9e<\/p>\n<p>Elle se rend \u00e0 un rendez-vous avec le producteur de th\u00e9\u00e2tre<br \/>\nMontferrand. Qui lui offre un petit r\u00f4le dans une pi\u00e8ce. \u00c0<br \/>\ncondition qu&rsquo;elle devienne sa ma\u00eetresse. Elle refuse. <strong>Il<br \/>\ntente de la violer<\/strong>. Elle se d\u00e9bat et r\u00e9ussit \u00e0 s&rsquo;enfuir.<br \/>\nUne fois rentr\u00e9e chez elle. Elle re\u00e7oit la visite de son ami Andr\u00e9<br \/>\nqui vient lui expliquer que pour r\u00e9soudre leurs difficult\u00e9s<br \/>\nfinanci\u00e8res. Il compte \u00e9pouser une riche h\u00e9riti\u00e8re et faire d&rsquo;elle<br \/>\nsa ma\u00eetresse. Madeleine, qui esp\u00e9rait qu&rsquo;Andr\u00e9 l&rsquo;\u00e9pouse et accepte<br \/>\nde travailler, est d\u00e9sesp\u00e9r\u00e9e.<\/p>\n<p>Brun, inspecteur de la s\u00fbret\u00e9, sonne \u00e0 l\u2019appartement des deux<br \/>\namies. Montferrand a \u00e9t\u00e9 assassin\u00e9 et Madeleine est soup\u00e7onn\u00e9e. Le<br \/>\njuge d&rsquo;instruction, Gustave Rabusset, mis au courant, est<br \/>\nrapidement convaincu de la culpabilit\u00e9 de Madeleine. Qui commence<br \/>\npar nier. Puis lorsque Rabusset lui dit que, si elle peut plaider<br \/>\nla l\u00e9gitime d\u00e9fense. Elle ne sera pas n\u00e9cessairement condamn\u00e9e.<br \/>\n<strong>Elle avoue subitement et prend son amie Pauline comme<br \/>\navocate.<\/strong><\/p>\n<p>Mon crime : Fran\u00e7ois Ozon a<br \/>\nauditionn\u00e9 200 personnes avant de trouver ses deux actrices<br \/>\nprincipales<\/p>\n<p>Jeune \u00e9toile montant du cin\u00e9ma fran\u00e7ais depuis quelques ann\u00e9es.<br \/>\nNadia Tereszkiewicz encha\u00eene les r\u00f4les sur grand \u00e9cran. C\u00f4t\u00e9 c\u0153ur,<br \/>\nl&rsquo;actrice s&rsquo;est toujours montr\u00e9e extr\u00eamement discr\u00e8te en ce qui<br \/>\nconcerne sa priv\u00e9e. Ainsi, <strong>aucune information n&rsquo;a encore<br \/>\n\u00e9t\u00e9 d\u00e9voil\u00e9e sur ses amours<\/strong>. Personne ne sait donc si la<br \/>\ncom\u00e9dienne est actuellement en couple ou non. Pour trouver les deux<br \/>\nactrices principales de son film. <a href=\"https:\/\/www.closermag.fr\/people\/francois-ozon-avec-quelle-celebre-actrice-etait-il-au-lycee-henri-iv-1263996\" target=\"_blank\" rel=\"noopener\"><br \/>\nFran\u00e7ois Ozon<\/a> s&rsquo;est livr\u00e9 \u00e0 un long casting de 200<br \/>\npersonnes.<\/p>\n<p>Le cin\u00e9aste n&rsquo;avait pas encore vu les films Les<br \/>\nAmandiers\u00a0et\u00a0Simone, le voyage du si\u00e8cle.<br \/>\nDans lesquels jouent respectivement Nadia Tereszkiewicz et Rebecca<br \/>\nMarder. Cependant, ce ne fut pas n\u00e9cessaire. Car le cin\u00e9aste a<br \/>\n\u00ab\u00a0<strong>tout de suite (&#8230;) senti une<br \/>\ncomplicit\u00e9 entre elles<\/strong>\u00ab\u00a0. Ce qu&rsquo;il estime<br \/>\nimportant du fait du sujet du film. Il trouve \u00e9galement que les<br \/>\ndeux actrices ont \u00ab\u00a0un physique tr\u00e8s<br \/>\nann\u00e9es 30\u00a0\u00bb.<\/p>\n","protected":false},"excerpt":{"rendered":"Sorti au cin\u00e9ma en 2023. Le film baptis\u00e9 Mon crime, r\u00e9alis\u00e9 par Fran\u00e7ois Ozon, sera diffus\u00e9 pour la&hellip;\n","protected":false},"author":2,"featured_media":523595,"comment_status":"","ping_status":"","sticky":false,"template":"","format":"standard","meta":{"footnotes":""},"categories":[1359],"tags":[1193,58,59,1011,27,973],"class_list":{"0":"post-523594","1":"post","2":"type-post","3":"status-publish","4":"format-standard","5":"has-post-thumbnail","7":"category-people","8":"tag-couple","9":"tag-divertissement","10":"tag-entertainment","11":"tag-fr","12":"tag-france","13":"tag-people"},"share_on_mastodon":{"url":"https:\/\/pubeurope.com\/@fr\/115521934048421467","error":""},"_links":{"self":[{"href":"https:\/\/www.europesays.com\/fr\/wp-json\/wp\/v2\/posts\/523594","targetHints":{"allow":["GET"]}}],"collection":[{"href":"https:\/\/www.europesays.com\/fr\/wp-json\/wp\/v2\/posts"}],"about":[{"href":"https:\/\/www.europesays.com\/fr\/wp-json\/wp\/v2\/types\/post"}],"author":[{"embeddable":true,"href":"https:\/\/www.europesays.com\/fr\/wp-json\/wp\/v2\/users\/2"}],"replies":[{"embeddable":true,"href":"https:\/\/www.europesays.com\/fr\/wp-json\/wp\/v2\/comments?post=523594"}],"version-history":[{"count":0,"href":"https:\/\/www.europesays.com\/fr\/wp-json\/wp\/v2\/posts\/523594\/revisions"}],"wp:featuredmedia":[{"embeddable":true,"href":"https:\/\/www.europesays.com\/fr\/wp-json\/wp\/v2\/media\/523595"}],"wp:attachment":[{"href":"https:\/\/www.europesays.com\/fr\/wp-json\/wp\/v2\/media?parent=523594"}],"wp:term":[{"taxonomy":"category","embeddable":true,"href":"https:\/\/www.europesays.com\/fr\/wp-json\/wp\/v2\/categories?post=523594"},{"taxonomy":"post_tag","embeddable":true,"href":"https:\/\/www.europesays.com\/fr\/wp-json\/wp\/v2\/tags?post=523594"}],"curies":[{"name":"wp","href":"https:\/\/api.w.org\/{rel}","templated":true}]}}