{"id":523602,"date":"2025-11-09T21:50:18","date_gmt":"2025-11-09T21:50:18","guid":{"rendered":"https:\/\/www.europesays.com\/fr\/523602\/"},"modified":"2025-11-09T21:50:18","modified_gmt":"2025-11-09T21:50:18","slug":"jai-dit-que-je-voulais-une-avant-premiere-a-limoges","status":"publish","type":"post","link":"https:\/\/www.europesays.com\/fr\/523602\/","title":{"rendered":"J&rsquo;ai dit que je voulais une avant-premi\u00e8re \u00e0 Limoges"},"content":{"rendered":"<p class=\"article__intro\">Pas question de manquer l\u2019avant-premi\u00e8re de l\u2019ann\u00e9e pour les 800 fans de la premi\u00e8re heure et les jeunes qui ont d\u00e9couvert le ph\u00e9nom\u00e8ne plus r\u00e9cemment : ce dimanche 9 novembre sortait en avant-premi\u00e8re le long m\u00e9trage anim\u00e9 Les L\u00e9gendaires, en pr\u00e9sence de l&rsquo;auteur limougeaud \u00e0 l&rsquo;origine de la BD, Patrick Sobral. Nous y \u00e9tions<\/p>\n<p>\n      L\u2019actu des r\u00e9gions\n    <\/p>\n<p>\n      Chaque jour, un tour d\u2019horizon des principales infos de toutes les r\u00e9gions.\n    <\/p>\n<p>    France T\u00e9l\u00e9visions utilise votre adresse e-mail afin de vous envoyer la newsletter \u00ab\u00a0L\u2019actu des r\u00e9gions\u00a0\u00bb. Vous pouvez vous d\u00e9sinscrire \u00e0 tout moment via le lien en bas de cette newsletter. <a target=\"_blank\" href=\"https:\/\/www.francetelevisions.fr\/groupe\/confidentialite\/politique-de-confidentialite\/politique-de-confidentialite-de-france-televisions-6503\" rel=\"nofollow noopener\">Notre politique de confidentialit\u00e9<\/a><\/p>\n<p>Patrick Sobral s&rsquo;est retrouv\u00e9 au milieu d\u2019un public plus qu\u2019impatient de d\u00e9couvrir le film des L\u00e9gendaires, \u00e0 l&rsquo;occasion de l&rsquo;avant-premi\u00e8re, organis\u00e9 ce dimanche 9 novembre dans la capitale Limousine. Mais \u00e0 Limoges, l\u2019\u00e9v\u00e9nement a d\u00e9j\u00e0 commenc\u00e9 depuis plusieurs heures.<\/p>\n<p>Plus de 800 personnes, des familles venues de toute la France, ont fait le d\u00e9placement pour obtenir une d\u00e9dicace de Patrick Sobral, l\u2019auteur \u00e0 l\u2019origine de la BD, ainsi que celle des trois autrices qui ont pris le relais pour les 9 BD d\u00e9riv\u00e9es.<\/p>\n<p><a data-article-figure=\"\" href=\"https:\/\/france3-regions.franceinfo.fr\/image\/WJyjem8pP0rT3nsq2GpLNWKySx4\/1920x1080\/regions\/2025\/11\/09\/film-2-6910d066d40ee201859750.jpg\" data-pswp-width=\"1920\" data-pswp-height=\"1080\" target=\"_blank\" rel=\"nofollow noopener\"><\/p>\n<p>          <img width=\"600\" height=\"400\" class=\"article-image lazy\" data-src=\"https:\/\/www.europesays.com\/fr\/wp-content\/uploads\/2025\/11\/film-2-6910d066d40ee201859750.jpg\" alt=\"L'avant-premi\u00e8re a eu lieu au cin\u00e9ma Grand \u00c9cran Ester, ce dimanche 9 novembre. \" fetchpriority=\"high\" as=\"image\"\/><\/p>\n<p>\n            L&rsquo;avant-premi\u00e8re a eu lieu au cin\u00e9ma Grand \u00c9cran Ester, ce dimanche 9 novembre.<br \/>\n                           \u2022<br \/>\n                                      \u00a9 Lola Bodin-Adriaco &#8211; France T\u00e9l\u00e9visions\n                      <\/p>\n<p><\/a><\/p>\n<p>\u00ab\u00a0Je suis trop contente, j&rsquo;ai l&rsquo;impression que ce n&rsquo;est pas exactement la m\u00eame histoire que dans les films, mais j&rsquo;ai h\u00e2te de le voir. J&rsquo;attends aussi avec impatience pour une d\u00e9dicace de Patrick Sobral\u00a0\u00bb, nous raconte une jeune fille, qui a tir\u00e9 son p\u00e8re au cin\u00e9ma Grand \u00c9cran Ester pour l&rsquo;occasion. \u00ab\u00a0J&rsquo;aime bien les L\u00e9gendaires, et l&rsquo;action qu&rsquo;il y a dedans\u00a0\u00bb, ench\u00e9rit le jeune Rapha\u00ebl, dix ans, qui est venu d\u2019Amiens avec sa maman pour avoir une illustration du dessinateur limougeaud.<\/p>\n<p><a data-article-figure=\"\" href=\"https:\/\/france3-regions.franceinfo.fr\/image\/wkvBeX9NJSrwtjCT3dFkdCGVEKo\/1920x1080\/regions\/2025\/11\/09\/raphael-6910ceaaef3af842990490.jpg\" data-pswp-width=\"1920\" data-pswp-height=\"1080\" target=\"_blank\" rel=\"nofollow noopener\"><\/p>\n<p>          <img width=\"600\" height=\"400\" class=\"article-image lazy\" data-src=\"https:\/\/www.europesays.com\/fr\/wp-content\/uploads\/2025\/11\/raphael-6910ceaaef3af842990490.jpg\" alt=\"Le jeune Rapha\u00ebl est venu d'Amiens pour assister \u00e0 l'avant-premi\u00e8re et obtenir une d\u00e9dicace de Patrick Sobral. \" fetchpriority=\"high\" as=\"image\"\/><\/p>\n<p>\n            Le jeune Rapha\u00ebl est venu d&rsquo;Amiens pour assister \u00e0 l&rsquo;avant-premi\u00e8re et obtenir une d\u00e9dicace de Patrick Sobral.<br \/>\n                           \u2022<br \/>\n                                      \u00a9 Lola Bodin-Adriaco &#8211; France T\u00e9l\u00e9visions\n                      <\/p>\n<p><\/a><\/p>\n<p>Pour le dessinateur limougeaud \u00e0 l\u2019origine de cette BD en 2004, c\u2019est un grand moment, un peu stressant, car il va d\u00e9couvrir avec ses admirateurs l\u2019int\u00e9gralit\u00e9 du film. \u00ab\u00a0Je suis \u00e0 la fois angoiss\u00e9 et excit\u00e9, c&rsquo;est un m\u00e9lange des deux \u00e9motions. J&rsquo;ai le palpitant qui commence d\u00e9j\u00e0 \u00e0 bien battre. Je suis vraiment impatient de partager \u00e7a avec le public, surtout que je n&rsquo;ai pas vu le film dans son enti\u00e8ret\u00e9\u00a0\u00bb, d\u00e9roule Patrick Sobral.<\/p>\n<blockquote class=\"ftvi_content_quote\">\n<p class=\"ftvi_citation_quote\">Si tout va bien, un jeu vid\u00e9o va sortir, donc on est rentr\u00e9 dans la cour des grands apr\u00e8s 20 ans d&rsquo;existence. On a encore plein de choses \u00e0 faire dans l&rsquo;univers des L\u00e9gendaires et on pense d\u00e9j\u00e0 \u00e0 un deuxi\u00e8me film.<\/p>\n<p>Patrick Sobral<\/p>\n<p class=\"ftvi_citation_source\">Auteur Des L\u00e9gendaires<\/p>\n<\/blockquote>\n<p>Pour l&rsquo;auteur, il \u00e9tait impensable de ne pas \u00eatre pr\u00e9sent dans sa ville. \u00ab\u00a0C&rsquo;est la journ\u00e9e de toutes les avant-premi\u00e8res Des L\u00e9gendaires en France. J&rsquo;ai tap\u00e9 du poing, d\u00e8s le d\u00e9but de la production, j&rsquo;ai dit que je voulais une avant-premi\u00e8re \u00e0 Limoges. Tout le reste de l&rsquo;\u00e9quipe est \u00e0 Paris, mais j&rsquo;ai quand m\u00eame voulu que celle de Limoges ait un petit cachet. J&rsquo;attends de savoir comment le public va recevoir le film et s&rsquo;il va nous couvrir de tomates\u00a0\u00bb, plaisante-t-il.<\/p>\n<p><a data-article-figure=\"\" href=\"https:\/\/france3-regions.franceinfo.fr\/image\/stsyJ1WNmmz520VBKF7PW6c72b8\/1920x1080\/regions\/2025\/11\/09\/danael-6910ccb400c04312167707.jpg\" data-pswp-width=\"1920\" data-pswp-height=\"1080\" target=\"_blank\" rel=\"nofollow noopener\"><\/p>\n<p>          <img width=\"600\" height=\"400\" class=\"article-image lazy\" data-src=\"https:\/\/www.europesays.com\/fr\/wp-content\/uploads\/2025\/11\/danael-6910ccb400c04312167707.jpg\" alt=\"Shiny est le cosplay de Dana\u00ebl, chef Des L\u00e9gendaires. \" fetchpriority=\"high\" as=\"image\"\/><\/p>\n<p>\n            Shiny est le cosplay de Dana\u00ebl, chef Des L\u00e9gendaires.<br \/>\n                           \u2022<br \/>\n                                      \u00a9 Lola Bodin-Adriaco &#8211; France T\u00e9l\u00e9visions\n                      <\/p>\n<p><\/a><\/p>\n<p>Pour l\u2019occasion, des cosplayeurs arboraient les tenues des personnages principaux de cette bande dessin\u00e9e vendue \u00e0 plusieurs millions d\u2019exemplaires. Shiny a par exemple eu la chance d\u2019incarner Dana\u00ebl, le chef des L\u00e9gendaires : \u00ab\u00a0Je fais du cosplay depuis cinq ans, c&rsquo;est une passion d&rsquo;incarner des personnages qu&rsquo;on aime et d&rsquo;avoir la chance d&rsquo;\u00eatre invit\u00e9e \u00e0 ce genre d&rsquo;\u00e9v\u00e8nements. C&rsquo;est l&rsquo;un des personnages que j&rsquo;aime le plus dans l&rsquo;univers Des L\u00e9gendaires. Il est styl\u00e9, j&rsquo;aime ses habits, ses armures, son \u00e9p\u00e9e, je trouve \u00e7a tr\u00e8s classe et tr\u00e8s badass et je me suis dit pourquoi pas\u00a0\u00bb, s&rsquo;enthousiasme-t-elle.<\/p>\n<blockquote class=\"ftvi_content_quote\">\n<p class=\"ftvi_citation_quote\">C&rsquo;est une trentaine d&rsquo;heures pour faire ce cosplay. Quand on suit Les L\u00e9gendaires comme moi depuis tr\u00e8s tr\u00e8s petite, depuis plus de dix ans, c&rsquo;est vraiment un r\u00eave.<\/p>\n<\/blockquote>\n<p>Au milieu des 800 spectateurs se cachent parfois des fans de la premi\u00e8re heure. Depuis 20 ans que la s\u00e9rie existe, certains ne se sont jamais lass\u00e9s. Face \u00e0 la foule nombreuse, le cin\u00e9ma a d\u00e9cid\u00e9 d\u2019ouvrir une deuxi\u00e8me salle\u00a0de\u00a0projection.<\/p>\n<p>Reportage : Ernestina Granger. <\/p>\n","protected":false},"excerpt":{"rendered":"Pas question de manquer l\u2019avant-premi\u00e8re de l\u2019ann\u00e9e pour les 800 fans de la premi\u00e8re heure et les jeunes&hellip;\n","protected":false},"author":2,"featured_media":523603,"comment_status":"","ping_status":"","sticky":false,"template":"","format":"standard","meta":{"footnotes":""},"categories":[1354],"tags":[58,59,1346,1011,27,1360],"class_list":{"0":"post-523602","1":"post","2":"type-post","3":"status-publish","4":"format-standard","5":"has-post-thumbnail","7":"category-films","8":"tag-divertissement","9":"tag-entertainment","10":"tag-films","11":"tag-fr","12":"tag-france","13":"tag-movies"},"share_on_mastodon":{"url":"https:\/\/pubeurope.com\/@fr\/115521953801346487","error":""},"_links":{"self":[{"href":"https:\/\/www.europesays.com\/fr\/wp-json\/wp\/v2\/posts\/523602","targetHints":{"allow":["GET"]}}],"collection":[{"href":"https:\/\/www.europesays.com\/fr\/wp-json\/wp\/v2\/posts"}],"about":[{"href":"https:\/\/www.europesays.com\/fr\/wp-json\/wp\/v2\/types\/post"}],"author":[{"embeddable":true,"href":"https:\/\/www.europesays.com\/fr\/wp-json\/wp\/v2\/users\/2"}],"replies":[{"embeddable":true,"href":"https:\/\/www.europesays.com\/fr\/wp-json\/wp\/v2\/comments?post=523602"}],"version-history":[{"count":0,"href":"https:\/\/www.europesays.com\/fr\/wp-json\/wp\/v2\/posts\/523602\/revisions"}],"wp:featuredmedia":[{"embeddable":true,"href":"https:\/\/www.europesays.com\/fr\/wp-json\/wp\/v2\/media\/523603"}],"wp:attachment":[{"href":"https:\/\/www.europesays.com\/fr\/wp-json\/wp\/v2\/media?parent=523602"}],"wp:term":[{"taxonomy":"category","embeddable":true,"href":"https:\/\/www.europesays.com\/fr\/wp-json\/wp\/v2\/categories?post=523602"},{"taxonomy":"post_tag","embeddable":true,"href":"https:\/\/www.europesays.com\/fr\/wp-json\/wp\/v2\/tags?post=523602"}],"curies":[{"name":"wp","href":"https:\/\/api.w.org\/{rel}","templated":true}]}}