{"id":523608,"date":"2025-11-09T21:53:14","date_gmt":"2025-11-09T21:53:14","guid":{"rendered":"https:\/\/www.europesays.com\/fr\/523608\/"},"modified":"2025-11-09T21:53:14","modified_gmt":"2025-11-09T21:53:14","slug":"rebecca-marder-son-compagnon-est-un-acteur-tres-connu","status":"publish","type":"post","link":"https:\/\/www.europesays.com\/fr\/523608\/","title":{"rendered":"Rebecca Marder : son compagnon est un acteur tr\u00e8s connu"},"content":{"rendered":"<p>Sorti au cin\u00e9ma en 2023. Le film intitul\u00e9 Mon crime,<br \/>\n<strong>mis en sc\u00e8ne par Fran\u00e7ois Ozon<\/strong>, sera diffus\u00e9 pour<br \/>\nla premi\u00e8re fois en clair \u00e0 la t\u00e9l\u00e9vision sur France 2. Le dimanche<br \/>\n9 novembre 2025 \u00e0 partir de 21h05 . Port\u00e9 par <a href=\"https:\/\/www.telestar.fr\/actu_tv\/c_a_vous\/c-a-vous-malaise-pour-francois-civil-confronte-a-son-crush-en-direct-il-ne-sait-plus-ou-se-mettre-1741256\" target=\"_blank\" rel=\"noopener\"><br \/>\nNadia Tereszkiewicz<\/a>, Rebecca Marder, <a href=\"https:\/\/www.closermag.fr\/people\/isabelle-huppert-cette-dependance-dont-elle-narrive-pas-a-se-liberer-3588297\" target=\"_blank\" rel=\"noopener\"><br \/>\nIsabelle Huppert<\/a>, <a href=\"https:\/\/www.closermag.fr\/people\/dany-boon-et-sa-nouvelle-compagne-clara-vello-reperes-dans-un-chic-hotel-parisien-video-3586312\" target=\"_blank\" rel=\"noopener\"><br \/>\nDany Boon<\/a> et <a href=\"https:\/\/www.closermag.fr\/people\/ca-magace-un-peu-a-la-longue-fabrice-luchini-se-prend-une-balle-perdue-dun-celebre-acteur-3565820\" target=\"_blank\" rel=\"noopener\"><br \/>\nFabrice Luchini<\/a>. Ce long-m\u00e9trage est en fait l&rsquo;adaptation<br \/>\ncin\u00e9matographique de la pi\u00e8ce \u00e9ponyme cr\u00e9\u00e9e en 1934.<\/p>\n<p>En\u00a01935, \u00e0\u00a0Paris. Madeleine Verdier est une jeune et<br \/>\njolie actrice qui peine \u00e0 obtenir des r\u00f4les. <strong>En cons\u00e9quence<br \/>\nd\u00e9sargent\u00e9e<\/strong>. Elle partage une mansarde sans eau courante<br \/>\navec son amie Pauline Maul\u00e9on. Jeune avocate qui court apr\u00e8s le<br \/>\nclient. Madeleine a pour amoureux Andr\u00e9 Bonnard. Le fils du<br \/>\npropri\u00e9taire d&rsquo;une grande manufacture de pneus. Qui ne re\u00e7oit que<br \/>\npeu de subsides de son p\u00e8re.<\/p>\n<p>Rebecca Marder est en couple avec Benjamin Lavernhe<\/p>\n<p>Elle se rend \u00e0 un rendez-vous avec le producteur de th\u00e9\u00e2tre<br \/>\nMontferrand. Qui lui offre un petit r\u00f4le dans une pi\u00e8ce. \u00c0<br \/>\ncondition qu&rsquo;elle devienne sa ma\u00eetresse. Elle refuse. <strong>Il<br \/>\ntente de la violer<\/strong>. Elle se d\u00e9bat et r\u00e9ussit \u00e0 s&rsquo;enfuir.<br \/>\nUne fois rentr\u00e9e chez elle. Elle re\u00e7oit la visite de son ami Andr\u00e9<br \/>\nqui vient lui expliquer que pour r\u00e9soudre leurs difficult\u00e9s<br \/>\nfinanci\u00e8res. Il compte \u00e9pouser une riche h\u00e9riti\u00e8re et faire d&rsquo;elle<br \/>\nsa ma\u00eetresse. Madeleine, qui esp\u00e9rait qu&rsquo;Andr\u00e9 l&rsquo;\u00e9pouse et accepte<br \/>\nde travailler, est d\u00e9sesp\u00e9r\u00e9e.<\/p>\n<p>Brun, inspecteur de la s\u00fbret\u00e9, sonne \u00e0 l\u2019appartement des deux<br \/>\namies. Montferrand a \u00e9t\u00e9 assassin\u00e9 et Madeleine est soup\u00e7onn\u00e9e. Le<br \/>\njuge d&rsquo;instruction, Gustave Rabusset, mis au courant, est<br \/>\nrapidement convaincu de la culpabilit\u00e9 de Madeleine. Qui commence<br \/>\npar nier. Puis lorsque Rabusset lui dit que, si elle peut plaider<br \/>\nla l\u00e9gitime d\u00e9fense. Elle ne sera pas n\u00e9cessairement condamn\u00e9e.<br \/>\n<strong>Elle avoue subitement et prend son amie Pauline comme<br \/>\navocate.<\/strong><\/p>\n<p>Les deux tourtereaux ont d\u00e9j\u00e0 partag\u00e9<br \/>\nl&rsquo;affiche d&rsquo;un film ensemble<\/p>\n<p>Figure montante du cin\u00e9ma fran\u00e7ais depuis quelques ann\u00e9es.<br \/>\nRebecca Marder partage la vie d&rsquo;un com\u00e9dien qui a d\u00e9j\u00e0 \u00e9t\u00e9 nomm\u00e9 \u00e0<br \/>\nplusieurs reprises aux C\u00e9sar. En effet, l&rsquo;actrice est en couple<br \/>\navec <a href=\"https:\/\/www.closermag.fr\/people\/invite-dans-quotidien-pour-parler-feminisme-benjamin-lavernhe-tient-le-crachoir-pendant-de-longues-minutes-3535568\" target=\"_blank\" rel=\"noopener\"><br \/>\nBenjamin Lavernhe<\/a>. <strong>Les deux artistes se sont en fait<br \/>\nrencontr\u00e9s sur les planches de la Com\u00e9die-Fran\u00e7aise<\/strong>. Que<br \/>\nRebecca Marder avait int\u00e9gr\u00e9 alors qu\u2019elle avait seulement 20 ans<br \/>\nen 2015. Devenant ainsi la plus jeune pensionnaire depuis Isabelle<br \/>\nAdjani.<\/p>\n<p>Malgr\u00e9 leur d\u00e9sir de garder leur union priv\u00e9e. Les deux<br \/>\ncom\u00e9diens s&rsquo;autorisent de nombreuses apparitions ensemble sur les<br \/>\ntapis rouges comme lors du Festival de Cannes. Leur idylle a \u00e9t\u00e9<br \/>\nd\u00e9voil\u00e9e au grand jour en 2023. Lorsqu&rsquo;ils \u00e9taient tous les deux \u00e0<br \/>\nl\u2019affiche du film baptis\u00e9 De grandes esp\u00e9rances.<br \/>\n\u00ab\u00a0<strong>On travaille chacun sur nos r\u00f4les. On a chacun notre<br \/>\ncarri\u00e8re<\/strong>\u00ab\u00a0, avait notamment d\u00e9clar\u00e9 Rebecca Marder en<br \/>\n2023 dans les colonnes de Paris Match.<\/p>\n","protected":false},"excerpt":{"rendered":"Sorti au cin\u00e9ma en 2023. Le film intitul\u00e9 Mon crime, mis en sc\u00e8ne par Fran\u00e7ois Ozon, sera diffus\u00e9&hellip;\n","protected":false},"author":2,"featured_media":523609,"comment_status":"","ping_status":"","sticky":false,"template":"","format":"standard","meta":{"footnotes":""},"categories":[8],"tags":[1193,58,59,1011,27],"class_list":{"0":"post-523608","1":"post","2":"type-post","3":"status-publish","4":"format-standard","5":"has-post-thumbnail","7":"category-divertissement","8":"tag-couple","9":"tag-divertissement","10":"tag-entertainment","11":"tag-fr","12":"tag-france"},"share_on_mastodon":{"url":"https:\/\/pubeurope.com\/@fr\/115521965487065952","error":""},"_links":{"self":[{"href":"https:\/\/www.europesays.com\/fr\/wp-json\/wp\/v2\/posts\/523608","targetHints":{"allow":["GET"]}}],"collection":[{"href":"https:\/\/www.europesays.com\/fr\/wp-json\/wp\/v2\/posts"}],"about":[{"href":"https:\/\/www.europesays.com\/fr\/wp-json\/wp\/v2\/types\/post"}],"author":[{"embeddable":true,"href":"https:\/\/www.europesays.com\/fr\/wp-json\/wp\/v2\/users\/2"}],"replies":[{"embeddable":true,"href":"https:\/\/www.europesays.com\/fr\/wp-json\/wp\/v2\/comments?post=523608"}],"version-history":[{"count":0,"href":"https:\/\/www.europesays.com\/fr\/wp-json\/wp\/v2\/posts\/523608\/revisions"}],"wp:featuredmedia":[{"embeddable":true,"href":"https:\/\/www.europesays.com\/fr\/wp-json\/wp\/v2\/media\/523609"}],"wp:attachment":[{"href":"https:\/\/www.europesays.com\/fr\/wp-json\/wp\/v2\/media?parent=523608"}],"wp:term":[{"taxonomy":"category","embeddable":true,"href":"https:\/\/www.europesays.com\/fr\/wp-json\/wp\/v2\/categories?post=523608"},{"taxonomy":"post_tag","embeddable":true,"href":"https:\/\/www.europesays.com\/fr\/wp-json\/wp\/v2\/tags?post=523608"}],"curies":[{"name":"wp","href":"https:\/\/api.w.org\/{rel}","templated":true}]}}