{"id":523610,"date":"2025-11-09T21:54:10","date_gmt":"2025-11-09T21:54:10","guid":{"rendered":"https:\/\/www.europesays.com\/fr\/523610\/"},"modified":"2025-11-09T21:54:10","modified_gmt":"2025-11-09T21:54:10","slug":"lentreprise-spatiale-de-bezos-reporte-le-deuxieme-vol-de-sa-fusee-geante","status":"publish","type":"post","link":"https:\/\/www.europesays.com\/fr\/523610\/","title":{"rendered":"L&rsquo;entreprise spatiale de Bezos reporte le deuxi\u00e8me vol de sa fus\u00e9e g\u00e9ante"},"content":{"rendered":"<p>\n    Cette fus\u00e9e, haute de 98 m\u00e8tres, aura \u00e0 terme pour mission d\u2019envoyer autour de la plan\u00e8te rouge deux sondes spatiales de la Nasa.<\/p>\n<p class=\"fig-paragraph\">La soci\u00e9t\u00e9 spatiale du richissime Am\u00e9ricain\u00a0<a href=\"http:\/\/www.lefigaro.fr\/flash-eco\/ia-tant-pis-si-c-est-une-bulle-elle-sera-benefique-selon-jeff-bezos-20251003\" data-fig-type=\"NewsFlash\" data-gtm-custom-categorie=\"navigation\" data-gtm-custom-action=\"crossclick\" data-gtm-custom-label=\"Contextuel\" data-gtm-event=\"customEventSPE\" data-fig-domain=\"LEFIGARO\" rel=\"nofollow noopener\" target=\"_blank\">Jeff Bezos<\/a>, Blue Origin, a finalement annonc\u00e9 reporter dimanche le deuxi\u00e8me vol de sa fus\u00e9e g\u00e9ante New Glenn, nouvelle \u00e9tape de la concurrence avec\u00a0<a href=\"http:\/\/www.lefigaro.fr\/economie\/look-up-space-dote-la-france-d-un-reseau-mondial-de-surveillance-de-l-espace-a-base-de-radars-de-nouvelle-generation-20251109\" target=\"_blank\" data-fig-type=\"Article\" rel=\"noopener nofollow\" data-gtm-custom-categorie=\"navigation\" data-gtm-custom-action=\"crossclick\" data-gtm-custom-label=\"Contextuel\" data-gtm-event=\"customEventSPE\" data-fig-domain=\"LEFIGARO\">l&rsquo;entreprise SpaceX d&rsquo;Elon Musk<\/a>\u00a0pour l&rsquo;exploration de Mars. Cette fus\u00e9e de 98 m\u00e8tres de haut a pour mission d&rsquo;envoyer autour de la plan\u00e8te rouge deux sondes spatiales ESCAPADE de la Nasa, baptis\u00e9es Blue et Gold, afin d&rsquo;\u00e9tudier l&rsquo;histoire de son climat et ouvrir la voie \u00e0 une \u00e9ventuelle exploration humaine.<\/p>\n<p class=\"fig-paragraph\">Le lancement devait servir \u00e9galement de test d\u00e9cisif pour d\u00e9terminer si Blue Origin est capable de r\u00e9cup\u00e9rer ses propulseurs, ce qui constituerait une avanc\u00e9e technique majeure. La fus\u00e9e devait d\u00e9coller \u00e0 Cap Canaveral, en Floride.<\/p>\n<p class=\"fig-body-link\">\n            \u00c0 lire aussi<br \/>\n        <a class=\"fig-body-link__link fig-premium-mark\" href=\"https:\/\/www.lefigaro.fr\/sciences\/spacex-starlink-blue-origin-virgin-galactic-vers-la-privatisation-de-l-espace-20210212\" target=\"_blank\" data-fig-type=\"Article\" rel=\"noopener nofollow\" data-gtm-custom-categorie=\"navigation\" data-gtm-custom-action=\"crossclick\" data-gtm-custom-label=\"Contextuel\" data-gtm-event=\"customEventSPE\" data-fig-domain=\"LEFIGARO\"><\/p>\n<p>        SpaceX, Starlink, Blue Origin, Virgin Galactic&#8230; Vers la privatisation de l\u2019espace?<br \/>\n    <\/a>\n<\/p>\n<p>                                    <a class=\"fig-a11y-skip a11y-hidden\" href=\"#fig-a11y-skip-main-inarticle\"><br \/>\n        Passer la publicit\u00e9<br \/>\n    <\/a><\/p>\n<p class=\"fig-paragraph\">Toutefois, le report du d\u00e9collage pourrait s&rsquo;av\u00e9rer difficile compte tenu de la paralysie budg\u00e9taire du gouvernement f\u00e9d\u00e9ral am\u00e9ricain, qui dure depuis 40 jours. Afin de r\u00e9duire la congestion de l&rsquo;espace a\u00e9rien et alors que les aiguilleurs du ciel ne sont plus pay\u00e9s, le r\u00e9gulateur f\u00e9d\u00e9ral de l&rsquo;aviation (FAA) va en effet limiter les d\u00e9collages de fus\u00e9es commerciales \u00e0 partir de lundi.<\/p>\n<p class=\"fig-paragraph\">Le vol inaugural de New Glenn en janvier a \u00e9t\u00e9 salu\u00e9 comme un succ\u00e8s pour avoir r\u00e9ussi \u00e0 mettre en orbite plusieurs dizaines de tonnes d&rsquo;\u00e9quipements. Mais Blue Origin avait \u00e9chou\u00e9 \u00e0 r\u00e9cup\u00e9rer le premier \u00e9tage de la fus\u00e9e sur une plate-forme dans l&rsquo;oc\u00e9an Atlantique. Ce nouveau vol constitue une nouvelle chance pour Blue Origin de r\u00e9aliser cette prouesse, que seul SpaceX a r\u00e9ussi \u00e0 ce jour.<\/p>\n<p>Retour sur la Lune<\/p>\n<p class=\"fig-paragraph\">Les entreprises des deux multi-milliardaires sont engag\u00e9es dans une intense course commerciale, au moment o\u00f9 l&rsquo;agence spatiale am\u00e9ricaine a lanc\u00e9 un appel d&rsquo;offres pour ses missions sur la Lune, sur fonds de critiques sur les retards de SpaceX. L&rsquo;enjeu du vol de dimanche est tr\u00e8s \u00e9lev\u00e9, estime aupr\u00e8s de l&rsquo;AFP George Nield, un dirigeant et promoteur de l&rsquo;industrie spatial qui a voyag\u00e9 comme astronaute priv\u00e9 avec Blue Origin.<\/p>\n<p class=\"fig-paragraph\">Le d\u00e9roulement du tir permettra de mesurer \u00ab\u00e0 quel point ils s&rsquo;en sortent bien et le niveau des progr\u00e8s accomplis\u00bb, dit-il. Si tout se passe comme pr\u00e9vu, les deux satellites atteindront l&rsquo;orbite de Mars en 2027. Depuis le retour de Donald Trump \u00e0 la Maison Blanche, l&rsquo;administration exerce une pression consid\u00e9rable sur la NASA pour acc\u00e9l\u00e9rer ses projets de mission habit\u00e9e sur la Lune, en comp\u00e9tition avec la Chine qui ambitionne aussi de fouler le sol lunaire d&rsquo;ici 2030.<\/p>\n<p class=\"fig-paragraph\">La concurrence accrue entre SpaceX et Blue Origin pourrait \u00ab\u00e9largir nos options en mati\u00e8re de lancement\u00bb, se f\u00e9licite Mason Peck, ex-cadre technique de la NASA et professeur \u00e0 l&rsquo;universit\u00e9 Cornell.<\/p>\n","protected":false},"excerpt":{"rendered":"Cette fus\u00e9e, haute de 98 m\u00e8tres, aura \u00e0 terme pour mission d\u2019envoyer autour de la plan\u00e8te rouge deux&hellip;\n","protected":false},"author":2,"featured_media":523611,"comment_status":"","ping_status":"","sticky":false,"template":"","format":"standard","meta":{"footnotes":""},"categories":[7],"tags":[9002,1011,27,43,40,41,39,42,44],"class_list":{"0":"post-523610","1":"post","2":"type-post","3":"status-publish","4":"format-standard","5":"has-post-thumbnail","7":"category-sciences-et-technologies","8":"tag-blue-origin","9":"tag-fr","10":"tag-france","11":"tag-science","12":"tag-science-and-technology","13":"tag-sciences","14":"tag-sciences-et-technologies","15":"tag-technologies","16":"tag-technology"},"share_on_mastodon":{"url":"https:\/\/pubeurope.com\/@fr\/115521969843476197","error":""},"_links":{"self":[{"href":"https:\/\/www.europesays.com\/fr\/wp-json\/wp\/v2\/posts\/523610","targetHints":{"allow":["GET"]}}],"collection":[{"href":"https:\/\/www.europesays.com\/fr\/wp-json\/wp\/v2\/posts"}],"about":[{"href":"https:\/\/www.europesays.com\/fr\/wp-json\/wp\/v2\/types\/post"}],"author":[{"embeddable":true,"href":"https:\/\/www.europesays.com\/fr\/wp-json\/wp\/v2\/users\/2"}],"replies":[{"embeddable":true,"href":"https:\/\/www.europesays.com\/fr\/wp-json\/wp\/v2\/comments?post=523610"}],"version-history":[{"count":0,"href":"https:\/\/www.europesays.com\/fr\/wp-json\/wp\/v2\/posts\/523610\/revisions"}],"wp:featuredmedia":[{"embeddable":true,"href":"https:\/\/www.europesays.com\/fr\/wp-json\/wp\/v2\/media\/523611"}],"wp:attachment":[{"href":"https:\/\/www.europesays.com\/fr\/wp-json\/wp\/v2\/media?parent=523610"}],"wp:term":[{"taxonomy":"category","embeddable":true,"href":"https:\/\/www.europesays.com\/fr\/wp-json\/wp\/v2\/categories?post=523610"},{"taxonomy":"post_tag","embeddable":true,"href":"https:\/\/www.europesays.com\/fr\/wp-json\/wp\/v2\/tags?post=523610"}],"curies":[{"name":"wp","href":"https:\/\/api.w.org\/{rel}","templated":true}]}}