{"id":523612,"date":"2025-11-09T21:55:12","date_gmt":"2025-11-09T21:55:12","guid":{"rendered":"https:\/\/www.europesays.com\/fr\/523612\/"},"modified":"2025-11-09T21:55:12","modified_gmt":"2025-11-09T21:55:12","slug":"reduisez-drastiquement-votre-facture-delectricite-avec-cette-prime","status":"publish","type":"post","link":"https:\/\/www.europesays.com\/fr\/523612\/","title":{"rendered":"R\u00e9duisez drastiquement votre facture d&rsquo;\u00e9lectricit\u00e9 avec cette prime"},"content":{"rendered":"<p itemprop=\"description\">Peu connue, cette aide peut r\u00e9duire vos<br \/>\nfactures tout en vous aidant \u00e0 passer \u00e0 l&rsquo;\u00e9nergie solaire.<br \/>\nD\u00e9couvrez comment en profiter pleinement.<\/p>\n<p>En France, il existe de nombreuses aides pour soulager le<br \/>\nportefeuille des consommateurs. En hiver, en p\u00e9riode d\u00a0\u00bbinflation,<br \/>\nil est parfois compliqu\u00e9 de chauffer correctement son int\u00e9rieur<br \/>\nsans voir augmenter sa facture d&rsquo;\u00e9lectricit\u00e9. Mais selon un article<br \/>\nde Marie France, il existe une prime qui pourrait bien changer<br \/>\nvotre fa\u00e7on de consommer.<\/p>\n<p>Une prime pour investir dans les \u00e9nergies renouvelables<\/p>\n<p>Depuis plusieurs ann\u00e9es, de nombreux gouvernements essayent de<br \/>\ntrouver des solutions pour <strong>inciter les entreprises et les<br \/>\nparticuliers<\/strong> \u00e0 investir dans <a href=\"https:\/\/www.maison-travaux.fr\/actualites\/travaux-actualites\/produire-soi-meme-energie-renouvelable-211471.html\" target=\"_blank\" rel=\"noopener\"><br \/>\nles \u00e9nergies renouvelables<\/a>. En France, la prime \u00e0<br \/>\nl&rsquo;autoconsommation a \u00e9t\u00e9 mise en place en 2017. Gr\u00e2ce \u00e0 elle, il<br \/>\ndevient bien plus avantageux de <strong>miser sur l&rsquo;\u00e9nergie<br \/>\nsolaire<\/strong> par exemple.<\/p>\n<p><a href=\"https:\/\/www.maison-travaux.fr\/renover\/gros-oeuvre-renovation-par-type\/solaire-energies-renouvelables-renovation-par-type\/je-gagne-plus-de-1000e-par-an-et-je-ne-paie-plus-lelectricite-grace-a-mes-panneaux-solaires-et-cest-tres-simple-569461.html\" target=\"_blank\" rel=\"noopener\"><br \/>\nLes panneaux solaires<\/a> sont souvent assez co\u00fbteux \u00e0 l&rsquo;achat.<br \/>\nMais en les installant sur le toit de votre maison, vous pourrez<br \/>\nsur le long terme g\u00e9n\u00e9rer <strong>une \u00e9nergie plus propre<\/strong><br \/>\net r\u00e9duire le montant de votre facture d&rsquo;\u00e9lectricit\u00e9. En revendant<br \/>\nl&rsquo;exc\u00e9dent de production g\u00e9n\u00e9r\u00e9 par vos panneaux, vous pouvez<br \/>\nb\u00e9n\u00e9ficier de cette aide encore trop m\u00e9connue. En aidant \u00e0 r\u00e9duire<br \/>\nla consommation d&rsquo;\u00e9nergies fossiles, le gouvernement souhaite aller<br \/>\nencore plus loin <strong>dans la transition \u00e9cologique<\/strong>.<br \/>\nL&rsquo;autoconsommation n&rsquo;a jamais \u00e9t\u00e9 aussi accessible !<\/p>\n<p>Comment b\u00e9n\u00e9ficier de la prime \u00e0 l&rsquo;autoconsommation ?<\/p>\n<p>Les entreprises comme les particuliers peuvent b\u00e9n\u00e9ficier de<br \/>\n<strong>la prime \u00e0 l&rsquo;autoconsommation<\/strong> mais les conditions<br \/>\nde cette derni\u00e8re sont susceptibles de changer. En 2024, il y a<br \/>\nquelques crit\u00e8res \u00e0 respecter. Il faut avoir vendu <a href=\"https:\/\/www.maison-travaux.fr\/renover\/gros-oeuvre-renovation-par-type\/solaire-energies-renouvelables-renovation-par-type\/autoconsommation-collective-comment-produire-consommer-propre-electricite-575625.html\" target=\"_blank\" rel=\"noopener\"><br \/>\nun surplus d&rsquo;\u00e9lectricit\u00e9<\/a> produit par une installation solaire,<br \/>\n<strong>une puissance de 3 kWc \u00e9tant le minimum<br \/>\nn\u00e9cessaire<\/strong>. Cependant, vos panneaux ne doivent pas non<br \/>\nplus g\u00e9n\u00e9rer plus de 100 kWc. La pose de ces derniers doit avoir<br \/>\n\u00e9t\u00e9 v\u00e9rifi\u00e9e par un installateur certifi\u00e9 RGE (Reconnu Garant de<br \/>\nl\u2019Environnement).<\/p>\n<p>Vos panneaux solaires doivent avoir pour objectif<br \/>\nl&rsquo;autoconsommation et l&rsquo;\u00e9nergie doit donc \u00eatre principalement<br \/>\n<strong>consomm\u00e9e dans le logement<\/strong>. Apr\u00e8s avoir fini les<br \/>\ntravaux d&rsquo;installation, veillez \u00e0 r\u00e9unir les documents n\u00e9cessaires<br \/>\npour demander la prime \u00e0 l&rsquo;autoconsommation : attestation de<br \/>\nconformit\u00e9, devis d\u00e9taill\u00e9, RIB. Vous pouvez faire la demande<br \/>\ndirectement aupr\u00e8s de <a href=\"https:\/\/www.maison-travaux.fr\/actualites\/budget\/nouveaux-fournisseurs-denergie-vraiment-chers-355177.html\" target=\"_blank\" rel=\"noopener\"><br \/>\nvotre fournisseur d&rsquo;\u00e9nergie<\/a> ou sur le site de <strong>l\u2019Agence<br \/>\nde la transition \u00e9cologique<\/strong> (ADEME).<\/p>\n<p><video width=\"100%\" height=\"360px\" controls=\"\" id=\"player_e4b9edbaa5460d9c476ac064b6aba33c\" preload=\"auto\" class=\"video-js vjs-default-skin vjs-big-play-centered\" style=\"display:block; text-align: center; margin-bottom: 4px;\" poster=\"https:\/\/img.youtube.com\/vi\/b1oojuN9CUg?si=P1dlmIGGqhQnracM\/maxresdefault.jpg\"\/><\/p>\n<p>Quel montant pour la prime \u00e0<br \/>\nl&rsquo;autoconsommation ?<\/p>\n<p>Bien s\u00fbr, rien n&#8217;emp\u00eache de cumuler la prime \u00e0<br \/>\nl&rsquo;autoconsommation <strong>avec d&rsquo;autres aides<\/strong>. Parfois,<br \/>\nles communes proposent aussi des subventions pour l&rsquo;installation de<br \/>\npanneaux solaires. Dans tous les cas, nous vous conseillons de bien<br \/>\nvous renseigner avant de lancer votre projet, afin d&rsquo;\u00eatre<br \/>\naccompagn\u00e9 au mieux.<\/p>\n<p>Chaque trimestre, le montant de la prime \u00e0 l&rsquo;autoconsommation<br \/>\n<strong>est recalcul\u00e9<\/strong>. Au dernier trimestre 2024, elle est<br \/>\nde 220 \u20ac pour une installation solaire inf\u00e9rieure \u00e0 3 kWc, de 160 \u20ac<br \/>\npour une puissance inf\u00e9rieure \u00e0 9 kWc, de 190 \u20ac pour une puissance<br \/>\ninf\u00e9rieure \u00e0 36 kWc et de 100 \u20ac pour une puissance inf\u00e9rieure \u00e0 100<br \/>\nkWc. Le versement de cette prime est donc calcul\u00e9 en fonction de<br \/>\n<strong>la capacit\u00e9 de votre installation solaire<\/strong>. Si vous<br \/>\ntouchez actuellement la prime \u00e0 l&rsquo;autoconsommation, restez vigilant<br \/>\ncar son montant varie tous les trimestres. Tenez-vous au courant<br \/>\nafin d&rsquo;\u00e9viter les mauvaises surprises.<\/p>\n","protected":false},"excerpt":{"rendered":"Peu connue, cette aide peut r\u00e9duire vos factures tout en vous aidant \u00e0 passer \u00e0 l&rsquo;\u00e9nergie solaire. D\u00e9couvrez&hellip;\n","protected":false},"author":2,"featured_media":523613,"comment_status":"","ping_status":"","sticky":false,"template":"","format":"standard","meta":{"footnotes":""},"categories":[6],"tags":[35,33,34,1011,27,6055,729],"class_list":{"0":"post-523612","1":"post","2":"type-post","3":"status-publish","4":"format-standard","5":"has-post-thumbnail","7":"category-economie","8":"tag-business","9":"tag-economie","10":"tag-economy","11":"tag-fr","12":"tag-france","13":"tag-republishing","14":"tag-yout_video"},"share_on_mastodon":{"url":"https:\/\/pubeurope.com\/@fr\/115521973465415878","error":""},"_links":{"self":[{"href":"https:\/\/www.europesays.com\/fr\/wp-json\/wp\/v2\/posts\/523612","targetHints":{"allow":["GET"]}}],"collection":[{"href":"https:\/\/www.europesays.com\/fr\/wp-json\/wp\/v2\/posts"}],"about":[{"href":"https:\/\/www.europesays.com\/fr\/wp-json\/wp\/v2\/types\/post"}],"author":[{"embeddable":true,"href":"https:\/\/www.europesays.com\/fr\/wp-json\/wp\/v2\/users\/2"}],"replies":[{"embeddable":true,"href":"https:\/\/www.europesays.com\/fr\/wp-json\/wp\/v2\/comments?post=523612"}],"version-history":[{"count":0,"href":"https:\/\/www.europesays.com\/fr\/wp-json\/wp\/v2\/posts\/523612\/revisions"}],"wp:featuredmedia":[{"embeddable":true,"href":"https:\/\/www.europesays.com\/fr\/wp-json\/wp\/v2\/media\/523613"}],"wp:attachment":[{"href":"https:\/\/www.europesays.com\/fr\/wp-json\/wp\/v2\/media?parent=523612"}],"wp:term":[{"taxonomy":"category","embeddable":true,"href":"https:\/\/www.europesays.com\/fr\/wp-json\/wp\/v2\/categories?post=523612"},{"taxonomy":"post_tag","embeddable":true,"href":"https:\/\/www.europesays.com\/fr\/wp-json\/wp\/v2\/tags?post=523612"}],"curies":[{"name":"wp","href":"https:\/\/api.w.org\/{rel}","templated":true}]}}