{"id":523614,"date":"2025-11-09T21:56:12","date_gmt":"2025-11-09T21:56:12","guid":{"rendered":"https:\/\/www.europesays.com\/fr\/523614\/"},"modified":"2025-11-09T21:56:12","modified_gmt":"2025-11-09T21:56:12","slug":"gavin-newsom-le-jeune-premier-devenu-principal-adversaire-de-donald-trump","status":"publish","type":"post","link":"https:\/\/www.europesays.com\/fr\/523614\/","title":{"rendered":"Gavin Newsom, le jeune premier devenu principal adversaire de Donald Trump"},"content":{"rendered":"<p>\n    <strong>PORTRAIT<\/strong> &#8211; Le gouverneur de Californie est en t\u00eate des candidats probables \u00e0 l\u2019investiture d\u00e9mocrate pour la pr\u00e9sidentielle de 2028.<\/p>\n<p class=\"fig-paragraph\"><a href=\"http:\/\/www.lefigaro.fr\/international\/il-est-temps-pour-nous-tous-de-nous-redresser-gavin-newsom-le-gouverneur-de-californie-qui-s-oppose-a-donald-trump-20250611\" data-fig-type=\"Article\" data-gtm-custom-categorie=\"navigation\" data-gtm-custom-action=\"crossclick\" data-gtm-custom-label=\"Contextuel\" data-gtm-event=\"customEventSPE\" data-fig-domain=\"LEFIGARO\" target=\"_blank\" rel=\"noopener\">Gavin Newsom<\/a>\u00a0a gagn\u00e9 son improbable pari. Le 4\u00a0novembre dernier, la proposition 50, mesure de \u00ab\u00a0gerrymandering\u00a0\u00bb (red\u00e9coupage des cartes \u00e9lectorales) visant \u00e0 remporter cinq circonscriptions suppl\u00e9mentaires \u00e0 la Chambre des repr\u00e9sentants des \u00c9tats-Unis, a \u00e9t\u00e9 approuv\u00e9e par 64,1\u00a0% des \u00e9lecteurs californiens. Au lendemain de cette victoire d\u00e9cisive, leur gouverneur se retrouve en t\u00eate des candidats probables \u00e0 l\u2019investiture d\u00e9mocrate pour la pr\u00e9sidentielle de 2028. Il s\u2019impose d\u00e9sormais comme l\u2019adversaire le plus acharn\u00e9 et actuellement le plus visible de Donald Trump, auquel il vient d\u2019infliger un humiliant soufflet.<\/p>\n<p class=\"fig-paragraph\">\u00c0 58\u00a0ans, apr\u00e8s un long parcours politique traditionnel, au cours duquel il a gravi les \u00e9chelons un \u00e0 un, patiemment &#8211; d\u2019abord b\u00e9n\u00e9vole pour la campagne municipale du l\u00e9gendaire maire de San Francisco Willy Brown, auquel il succ\u00e9dera en 2004, puis lieutenant-gouverneur et gouverneur de la Californie depuis 2019 &#8211; Gavin Newsom semble aujourd\u2019hui destin\u00e9 \u00e0 parvenir au sommet\u2026<\/p>\n<p class=\"fig-premium-paywall__infos\">\n        Cet article est r\u00e9serv\u00e9 aux abonn\u00e9s.        Il vous reste 84% \u00e0 d\u00e9couvrir.\n    <\/p>\n<p>                <img  data- alt=\"Le Figaro\" class=\"fig-img--complete fig-img\"\/><\/p>\n<p class=\"fig-premium-paywall__title\">Vous avez envie de lire la suite ?<\/p>\n<p class=\"fig-premium-paywall__subtitle\">D\u00e9bloquez tous les articles imm\u00e9diatement.<\/p>\n<p class=\"fig-premium-paywall__connect\">\n                D\u00e9j\u00e0 abonn\u00e9\u00a0?                <a class=\"fig-premium-paywall__connect-link\" href=\"https:\/\/connect.lefigaro.fr\/login?client=horizon_web&amp;type=main&amp;redirect_uri=https%3A%2F%2Fwww.lefigaro.fr%2Finternational%2Fgavin-newsom-le-jeune-premier-devenu-principal-adversaire-de-donald-trump-20251109\" data-js-gtm=\"{&quot;customCategorie&quot;: &quot;conversion&quot;, &quot;customAction&quot;: &quot;before_Landing_Connexion_paywall_auto&quot;, &quot;customLabel&quot;: &quot;bGVmaWdhcm8uZnJfXzFmMGJkNTBlLWU0MjctNmY5MC1hYTdkLTY5ZmJmZTE3ZGVhNF9fQXJ0aWNsZQ==_Gavin Newsom, le jeune premier devenu principal adversaire de Donald Trump_372&quot;, &quot;customIDSPE&quot;: &quot;bGVmaWdhcm8uZnJfXzFmMGJkNTBlLWU0MjctNmY5MC1hYTdkLTY5ZmJmZTE3ZGVhNF9fQXJ0aWNsZQ==&quot;, &quot;event&quot;: &quot;customEventSPE&quot;}\" target=\"_blank\" rel=\"noopener\"><br \/>\n                    Connectez-vous<br \/>\n                <\/a>\n            <\/p>\n","protected":false},"excerpt":{"rendered":"PORTRAIT &#8211; Le gouverneur de Californie est en t\u00eate des candidats probables \u00e0 l\u2019investiture d\u00e9mocrate pour la pr\u00e9sidentielle&hellip;\n","protected":false},"author":2,"featured_media":523615,"comment_status":"","ping_status":"","sticky":false,"template":"","format":"standard","meta":{"footnotes":""},"categories":[5],"tags":[11,2139,75,73,1011,27,30121,14,12,28],"class_list":{"0":"post-523614","1":"post","2":"type-post","3":"status-publish","4":"format-standard","5":"has-post-thumbnail","7":"category-international","8":"tag-actualites","9":"tag-californie","10":"tag-donald-trump","11":"tag-etats-unis","12":"tag-fr","13":"tag-france","14":"tag-gavin-newsom","15":"tag-international","16":"tag-news","17":"tag-world"},"share_on_mastodon":{"url":"https:\/\/pubeurope.com\/@fr\/115521977359076632","error":""},"_links":{"self":[{"href":"https:\/\/www.europesays.com\/fr\/wp-json\/wp\/v2\/posts\/523614","targetHints":{"allow":["GET"]}}],"collection":[{"href":"https:\/\/www.europesays.com\/fr\/wp-json\/wp\/v2\/posts"}],"about":[{"href":"https:\/\/www.europesays.com\/fr\/wp-json\/wp\/v2\/types\/post"}],"author":[{"embeddable":true,"href":"https:\/\/www.europesays.com\/fr\/wp-json\/wp\/v2\/users\/2"}],"replies":[{"embeddable":true,"href":"https:\/\/www.europesays.com\/fr\/wp-json\/wp\/v2\/comments?post=523614"}],"version-history":[{"count":0,"href":"https:\/\/www.europesays.com\/fr\/wp-json\/wp\/v2\/posts\/523614\/revisions"}],"wp:featuredmedia":[{"embeddable":true,"href":"https:\/\/www.europesays.com\/fr\/wp-json\/wp\/v2\/media\/523615"}],"wp:attachment":[{"href":"https:\/\/www.europesays.com\/fr\/wp-json\/wp\/v2\/media?parent=523614"}],"wp:term":[{"taxonomy":"category","embeddable":true,"href":"https:\/\/www.europesays.com\/fr\/wp-json\/wp\/v2\/categories?post=523614"},{"taxonomy":"post_tag","embeddable":true,"href":"https:\/\/www.europesays.com\/fr\/wp-json\/wp\/v2\/tags?post=523614"}],"curies":[{"name":"wp","href":"https:\/\/api.w.org\/{rel}","templated":true}]}}