{"id":523619,"date":"2025-11-09T21:59:31","date_gmt":"2025-11-09T21:59:31","guid":{"rendered":"https:\/\/www.europesays.com\/fr\/523619\/"},"modified":"2025-11-09T21:59:31","modified_gmt":"2025-11-09T21:59:31","slug":"un-chantier-colossal-pour-la-ville","status":"publish","type":"post","link":"https:\/\/www.europesays.com\/fr\/523619\/","title":{"rendered":"un chantier colossal pour la Ville"},"content":{"rendered":"<p>\u00ab\u00a0En quinze ans, on aura r\u00e9nov\u00e9 l\u2019H\u00f4tel-Dieu, dans lequel sera d\u00e9velopp\u00e9 un v\u00e9ritable projet\u00a0\u00bb, estime Axel Dugua, le maire de Saint-Chamond. Un chantier colossal pour la Ville et sans doute le plus gros projet du mandat pass\u00e9 et peut-\u00eatre des mandats \u00e0 venir, si le projet se poursuit. Car les phases 2 et 3 sont contest\u00e9es au sein de l\u2019ancienne liste d\u2019Herv\u00e9 Reynaud, notamment par Jean-Luc Degraix, d\u00e9missionnaire de la majorit\u00e9.<\/p>\n<p>\u00ab\u00a0C\u2019est un peu excessif et on a le droit de se questionner\u00a0!\u00a0\u00bb avait estim\u00e9 l\u2019ex-adjoint \u00e0 l\u2019urbanisme lors d\u2019un conseil municipal en septembre\u00a02024 \u00e0 propos du montant du devis\u00a0: aux alentours de 16\u00a0millions d\u2019euros pour une r\u00e9habilitation et r\u00e9novation compl\u00e8te permettant d\u2019en faire un b\u00e2timent fonctionnel&#8230;<\/p>\n","protected":false},"excerpt":{"rendered":"\u00ab\u00a0En quinze ans, on aura r\u00e9nov\u00e9 l\u2019H\u00f4tel-Dieu, dans lequel sera d\u00e9velopp\u00e9 un v\u00e9ritable projet\u00a0\u00bb, estime Axel Dugua, le&hellip;\n","protected":false},"author":2,"featured_media":523620,"comment_status":"","ping_status":"","sticky":false,"template":"","format":"standard","meta":{"footnotes":""},"categories":[9653],"tags":[1111,11,2430,7539,4188,1777,674,274,1011,27,6319,12,316,25,9669,9670,4001,104,517,1631],"class_list":{"0":"post-523619","1":"post","2":"type-post","3":"status-publish","4":"format-standard","5":"has-post-thumbnail","7":"category-saint-etienne","8":"tag-actu","9":"tag-actualites","10":"tag-auvergne-rhone-alpes","11":"tag-edition-loire-sud","12":"tag-elections-municipales","13":"tag-eu","14":"tag-europe","15":"tag-faits-divers-justice","16":"tag-fr","17":"tag-france","18":"tag-les-republicains","19":"tag-news","20":"tag-politique","21":"tag-republique-francaise","22":"tag-saint-chamond","23":"tag-saint-chamond-ville","24":"tag-saint-etienne","25":"tag-societe","26":"tag-sport","27":"tag-vie-associative"},"share_on_mastodon":{"url":"https:\/\/pubeurope.com\/@fr\/115521989291487050","error":""},"_links":{"self":[{"href":"https:\/\/www.europesays.com\/fr\/wp-json\/wp\/v2\/posts\/523619","targetHints":{"allow":["GET"]}}],"collection":[{"href":"https:\/\/www.europesays.com\/fr\/wp-json\/wp\/v2\/posts"}],"about":[{"href":"https:\/\/www.europesays.com\/fr\/wp-json\/wp\/v2\/types\/post"}],"author":[{"embeddable":true,"href":"https:\/\/www.europesays.com\/fr\/wp-json\/wp\/v2\/users\/2"}],"replies":[{"embeddable":true,"href":"https:\/\/www.europesays.com\/fr\/wp-json\/wp\/v2\/comments?post=523619"}],"version-history":[{"count":0,"href":"https:\/\/www.europesays.com\/fr\/wp-json\/wp\/v2\/posts\/523619\/revisions"}],"wp:featuredmedia":[{"embeddable":true,"href":"https:\/\/www.europesays.com\/fr\/wp-json\/wp\/v2\/media\/523620"}],"wp:attachment":[{"href":"https:\/\/www.europesays.com\/fr\/wp-json\/wp\/v2\/media?parent=523619"}],"wp:term":[{"taxonomy":"category","embeddable":true,"href":"https:\/\/www.europesays.com\/fr\/wp-json\/wp\/v2\/categories?post=523619"},{"taxonomy":"post_tag","embeddable":true,"href":"https:\/\/www.europesays.com\/fr\/wp-json\/wp\/v2\/tags?post=523619"}],"curies":[{"name":"wp","href":"https:\/\/api.w.org\/{rel}","templated":true}]}}