{"id":523627,"date":"2025-11-09T22:07:11","date_gmt":"2025-11-09T22:07:11","guid":{"rendered":"https:\/\/www.europesays.com\/fr\/523627\/"},"modified":"2025-11-09T22:07:11","modified_gmt":"2025-11-09T22:07:11","slug":"stephane-sacco-recoit-le-soutien-du-mouvement-republicain-et-citoyen","status":"publish","type":"post","link":"https:\/\/www.europesays.com\/fr\/523627\/","title":{"rendered":"St\u00e9phane Sacco re\u00e7oit le soutien du Mouvement r\u00e9publicain et citoyen"},"content":{"rendered":"\n<p>Pour son engagement personnel, ses valeurs humanistes, progressistes, sa d\u00e9termination \u00e0 donner \u00e0 la ville de La\u00a0Seyne l\u2019avenir qu\u2019elle m\u00e9rite, le Mouvement r\u00e9publicain et citoyen varois prendra part \u00e0 la campagne des municipales en soutenant la candidature de St\u00e9phane Sacco (Gauche r\u00e9publicaine &amp; socialiste) t\u00eate de liste du rassemblement de la gauche \u00e0 La Seyne\u00a0\u00bb, annonce Toussaint Codaccioni, le secr\u00e9taire du MRC varois.<\/p>\n<p>L\u2019occasion pour le responsable politique de rappeler l\u2019urgence qu\u2019il y a \u00e0 se rassembler et faire front commun \u00ab\u00a0face aux d\u00e9rives lib\u00e9rales, aussi bien de ceux qui ont oubli\u00e9 la nation que de ceux qui ont oubli\u00e9 le peuple\u00a0\u00bb, mais aussi \u00e0 la mont\u00e9e de l\u2019extr\u00eame droite. Le Mouvement r\u00e9publicain et citoyen, poursuit-il, appelle les citoyens \u00e0 relever le d\u00e9fi lanc\u00e9 \u00e0 la d\u00e9mocratie en faisant vivre aujourd\u2019hui et concr\u00e8tement l\u2019exigence progressiste.<\/p>\n<p> R\u00e9sister dans l\u2019unit\u00e9 pour reconqu\u00e9rir la ville\n              <\/p>\n<p>Une mobilisation des consciences d\u2019autant plus n\u00e9cessaire dans un d\u00e9partement qui a envoy\u00e9 lors des derni\u00e8res l\u00e9gislatives 7 d\u00e9put\u00e9s RN sur 8 \u00e0 l\u2019Assembl\u00e9e nationale, et avec une droite LR qui fait preuve de plus de porosit\u00e9 avec le parti de Marine de Le Pen.<\/p>\n<p>Et de conclure\u00a0: \u00ab\u00a0Nous devons r\u00e9sister pour garder notre libert\u00e9, maintenir l\u2019\u00e9galit\u00e9 entre citoyens, sauvegarder l\u2019id\u00e9e de Fraternit\u00e9 et p\u00e9renniser \u00e0 jamais la la\u00efcit\u00e9 au sein de la R\u00e9publique.\u00a0\u00bb<\/p>\n","protected":false},"excerpt":{"rendered":"Pour son engagement personnel, ses valeurs humanistes, progressistes, sa d\u00e9termination \u00e0 donner \u00e0 la ville de La\u00a0Seyne l\u2019avenir&hellip;\n","protected":false},"author":2,"featured_media":523628,"comment_status":"","ping_status":"","sticky":false,"template":"","format":"standard","meta":{"footnotes":""},"categories":[9619],"tags":[1111,11,1777,674,1011,27,3434,12,882,25,2310],"class_list":{"0":"post-523627","1":"post","2":"type-post","3":"status-publish","4":"format-standard","5":"has-post-thumbnail","7":"category-toulon","8":"tag-actu","9":"tag-actualites","10":"tag-eu","11":"tag-europe","12":"tag-fr","13":"tag-france","14":"tag-municipales-2026","15":"tag-news","16":"tag-provence-alpes-cote-dazur","17":"tag-republique-francaise","18":"tag-toulon"},"share_on_mastodon":{"url":"https:\/\/pubeurope.com\/@fr\/115522024444980823","error":""},"_links":{"self":[{"href":"https:\/\/www.europesays.com\/fr\/wp-json\/wp\/v2\/posts\/523627","targetHints":{"allow":["GET"]}}],"collection":[{"href":"https:\/\/www.europesays.com\/fr\/wp-json\/wp\/v2\/posts"}],"about":[{"href":"https:\/\/www.europesays.com\/fr\/wp-json\/wp\/v2\/types\/post"}],"author":[{"embeddable":true,"href":"https:\/\/www.europesays.com\/fr\/wp-json\/wp\/v2\/users\/2"}],"replies":[{"embeddable":true,"href":"https:\/\/www.europesays.com\/fr\/wp-json\/wp\/v2\/comments?post=523627"}],"version-history":[{"count":0,"href":"https:\/\/www.europesays.com\/fr\/wp-json\/wp\/v2\/posts\/523627\/revisions"}],"wp:featuredmedia":[{"embeddable":true,"href":"https:\/\/www.europesays.com\/fr\/wp-json\/wp\/v2\/media\/523628"}],"wp:attachment":[{"href":"https:\/\/www.europesays.com\/fr\/wp-json\/wp\/v2\/media?parent=523627"}],"wp:term":[{"taxonomy":"category","embeddable":true,"href":"https:\/\/www.europesays.com\/fr\/wp-json\/wp\/v2\/categories?post=523627"},{"taxonomy":"post_tag","embeddable":true,"href":"https:\/\/www.europesays.com\/fr\/wp-json\/wp\/v2\/tags?post=523627"}],"curies":[{"name":"wp","href":"https:\/\/api.w.org\/{rel}","templated":true}]}}