{"id":523636,"date":"2025-11-09T22:16:20","date_gmt":"2025-11-09T22:16:20","guid":{"rendered":"https:\/\/www.europesays.com\/fr\/523636\/"},"modified":"2025-11-09T22:16:20","modified_gmt":"2025-11-09T22:16:20","slug":"depuis-quon-la-on-na-pas-passe-un-week-end-a-la-maison-pourquoi-ces-bretons-ont-choisi-le-camping-car","status":"publish","type":"post","link":"https:\/\/www.europesays.com\/fr\/523636\/","title":{"rendered":"\u00ab\u00a0Depuis qu\u2019on l\u2019a, on n\u2019a pas pass\u00e9 un week-end \u00e0 la maison\u00a0\u00bb\u00a0: pourquoi ces Bretons ont choisi le camping-car"},"content":{"rendered":"<p>Le salon du camping-car de Rennes s\u2019est install\u00e9 au parc des expositions de Rennes. Ce sont ainsi plus de 400 v\u00e9hicules de loisirs qui sont pr\u00e9sent\u00e9s : camping-cars, vans, fourgons am\u00e9nag\u00e9s et caravanes. De quoi permettre aux visiteurs de concr\u00e9tiser leurs projets de d\u00e9couverte d\u2019autres horizons. Plus qu\u2019un moyen de transport, c\u2019est un v\u00e9ritable mode de vie pour les fans de voyage nomade et d\u2019aventure sur les routes. Au-del\u00e0 de la simple exposition de v\u00e9hicules, le salon se veut aussi \u00eatre un espace de rencontre et de partage. \u00ab Ce n\u2019est pas seulement une vitrine, mais un lieu d\u2019\u00e9changes pour tous ceux qui r\u00eavent de libert\u00e9 sur les routes \u00bb soulignent les organisateurs de l\u2019\u00e9v\u00e8nement.<\/p>\n<p><img decoding=\"async\" src=\"https:\/\/www.europesays.com\/fr\/wp-content\/uploads\/2025\/11\/6910e4899d70e054130b3c53.1.jpeg\" width=\"480\" height=\"300\" class=\"web_golden_m\" loading=\"lazy\" alt=\"\u00ab\u00a0Depuis qu\u2019on l\u2019a, on n\u2019a pas pass\u00e9 un week-end \u00e0 la maison\u00a0\u00bb\u00a0: pourquoi ces Bretons ont choisi le camping-car\"\/> (Le T\u00e9l\u00e9gramme\/Erwan Miloux)\u00ab Id\u00e9al pour vivre en autonomie \u00bb<\/p>\n<p>\u00ab On ne fait que regarder c\u2019est un budget trop important pour nous \u00bb, confie un couple en sortant d\u2019un camping-car tout confort. Ici les prix font en effet le grand \u00e9cart selon les mod\u00e8les choisis. Et si certains h\u00e9sitent \u00e0 se lancer, d\u2019autres ont franchi le pas. C\u2019est le cas de Jean-Pierre et Anne-Sophie de Lamballe (22) : \u00ab On est tr\u00e8s heureux d\u2019avoir enfin achet\u00e9 notre camping-car il y a quelques mois. Il y a quatre ans on avait une entreprise et on n\u2019avait pas le temps pour partir comme \u00e7a. Depuis on a revendu et on a chang\u00e9 de vie. On a des emplois avec des horaires et des vacances. Depuis qu\u2019on l\u2019a, on n\u2019a pas pass\u00e9 un week-end \u00e0 la maison. On emm\u00e8ne les v\u00e9los et on part. On ne sait pas de quoi demain sera fait alors on a d\u00e9cid\u00e9 d\u2019en profiter \u00bb. Gwena\u00ebl et C\u00e9line sont venus de Mayenne avec leurs deux filles pour voir de plus pr\u00e8s un mod\u00e8le qui les int\u00e9resse : \u00ab On a commenc\u00e9 par tester la vie en camping-car en louant. \u00c7a nous a beaucoup plu, alors on a achet\u00e9 un fourgon am\u00e9nag\u00e9 il y a six mois. On souhaite d\u00e9j\u00e0 en changer pour avoir un am\u00e9nagement plus confortable pour les enfants. On l\u2019utilise pour les week-ends ou les vacances. C\u2019est surtout un moyen id\u00e9al pour vivre en autonomie et de bouger quand on le souhaite \u00bb.<\/p>\n<p>Patrick et Laurence de Paimpol (22), ont eux une tr\u00e8s grande exp\u00e9rience des voyages. Quand les deux retrait\u00e9s ne sont pas \u00e0 moto \u00e0 sillonner les routes, c\u2019est en camping-car qu\u2019ils partent \u00e0 l\u2019aventure depuis pr\u00e8s de 30 ans. \u00ab On a eu notre premier camping-car en 1998. C\u2019\u00e9tait un 7 m\u00e8tres de long et de 3,5 t avec lequel on \u00e9tait partis au Portugal. On en a rachet\u00e9 un autre, de m\u00eame dimension, en 2005. Et l\u2019ann\u00e9e derni\u00e8re j\u2019ai d\u00e9cid\u00e9 de passer mon permis poids lourd \u00e0 67 ans pour conduire le nouveau camping-car de 6 t et de 8 m\u00e8tres de long. Bon, l\u00e0 il n\u2019y a plus rien qui manque, on a tout. On a en plus des v\u00e9los \u00e9lectriques pour se balader. On part g\u00e9n\u00e9ralement durant deux mois et demi. On a d\u00e9j\u00e0 bien voyag\u00e9 \u00e0 travers la France et l\u2019Europe. On va repartir bient\u00f4t pour les Pays-Bas et la Su\u00e8de. C\u2019est vraiment super. C\u2019est l\u2019\u00e9vasion, la libert\u00e9. C\u2019est un vrai virus. C\u2019est un style de vie qui nous convient. On ne part peut-\u00eatre pas encore assez longtemps. Mais on n\u2019a pas envie pour autant de tout laisser pour vivre tout le temps sur les routes \u00bb<\/p>\n<p><img decoding=\"async\" src=\"https:\/\/www.europesays.com\/fr\/wp-content\/uploads\/2025\/11\/6910e4889d70e054130b3c52.1.jpeg\" width=\"480\" height=\"300\" class=\"web_golden_m\" loading=\"lazy\" alt=\"\u00ab\u00a0Depuis qu\u2019on l\u2019a, on n\u2019a pas pass\u00e9 un week-end \u00e0 la maison\u00a0\u00bb\u00a0: pourquoi ces Bretons ont choisi le camping-car\"\/> (Le T\u00e9l\u00e9gramme\/Erwan Miloux)\u00ab Vivre en camping-car toute l\u2019ann\u00e9e \u00bb<\/p>\n<p>L\u2019essayer c\u2019est l\u2019adopter. Pour l\u2019ensemble des visiteurs que nous avons pu rencontrer, le camping-car, le van ou le fourgon am\u00e9nag\u00e9 sont synonymes d\u2019aventure et de libert\u00e9. Une pratique \u00e0 laquelle ils tiennent et qu\u2019ils ne comptent pas abandonner. La plupart souhaitent \u00e9galement conserver leurs attaches, et les d\u00e9parts sont li\u00e9s aux retours. Mais certains font le choix de larguer les amarres pour de bon. \u00ab On voit de plus en plus de gens qui ont vendu leur bien immobilier et qui vivent dans un camping-car toute l\u2019ann\u00e9e. Ce sont g\u00e9n\u00e9ralement des retrait\u00e9s qui ont d\u00e9cid\u00e9 de tout l\u00e2cher pour partir. Ils voyagent dans toute l\u2019Europe en fonction des saisons en emportant leur maison sur les routes. Ils n\u2019ont pas forc\u00e9ment d\u2019\u00e9normes moyens mais ils adaptent leur style de vie \u00bb explique Pascal salari\u00e9 de Camping-car Park une soci\u00e9t\u00e9 sp\u00e9cialis\u00e9e dans la gestion des aires de stationnement des camping-caristes.<\/p>\n<p class=\"note\"><strong>Pratique.<\/strong> Le salon du camping-car est ouvert jusqu\u2019au 11 novembre de 10 h \u00e0 19 h.<\/p>\n","protected":false},"excerpt":{"rendered":"Le salon du camping-car de Rennes s\u2019est install\u00e9 au parc des expositions de Rennes. Ce sont ainsi plus&hellip;\n","protected":false},"author":2,"featured_media":523637,"comment_status":"","ping_status":"","sticky":false,"template":"","format":"standard","meta":{"footnotes":""},"categories":[2821],"tags":[1111,11,829,1777,674,1011,27,848,12,584,25],"class_list":{"0":"post-523636","1":"post","2":"type-post","3":"status-publish","4":"format-standard","5":"has-post-thumbnail","7":"category-rennes","8":"tag-actu","9":"tag-actualites","10":"tag-bretagne","11":"tag-eu","12":"tag-europe","13":"tag-fr","14":"tag-france","15":"tag-ille-et-vilaine","16":"tag-news","17":"tag-rennes","18":"tag-republique-francaise"},"share_on_mastodon":{"url":"https:\/\/pubeurope.com\/@fr\/115522056619549795","error":""},"_links":{"self":[{"href":"https:\/\/www.europesays.com\/fr\/wp-json\/wp\/v2\/posts\/523636","targetHints":{"allow":["GET"]}}],"collection":[{"href":"https:\/\/www.europesays.com\/fr\/wp-json\/wp\/v2\/posts"}],"about":[{"href":"https:\/\/www.europesays.com\/fr\/wp-json\/wp\/v2\/types\/post"}],"author":[{"embeddable":true,"href":"https:\/\/www.europesays.com\/fr\/wp-json\/wp\/v2\/users\/2"}],"replies":[{"embeddable":true,"href":"https:\/\/www.europesays.com\/fr\/wp-json\/wp\/v2\/comments?post=523636"}],"version-history":[{"count":0,"href":"https:\/\/www.europesays.com\/fr\/wp-json\/wp\/v2\/posts\/523636\/revisions"}],"wp:featuredmedia":[{"embeddable":true,"href":"https:\/\/www.europesays.com\/fr\/wp-json\/wp\/v2\/media\/523637"}],"wp:attachment":[{"href":"https:\/\/www.europesays.com\/fr\/wp-json\/wp\/v2\/media?parent=523636"}],"wp:term":[{"taxonomy":"category","embeddable":true,"href":"https:\/\/www.europesays.com\/fr\/wp-json\/wp\/v2\/categories?post=523636"},{"taxonomy":"post_tag","embeddable":true,"href":"https:\/\/www.europesays.com\/fr\/wp-json\/wp\/v2\/tags?post=523636"}],"curies":[{"name":"wp","href":"https:\/\/api.w.org\/{rel}","templated":true}]}}