{"id":523644,"date":"2025-11-09T22:22:13","date_gmt":"2025-11-09T22:22:13","guid":{"rendered":"https:\/\/www.europesays.com\/fr\/523644\/"},"modified":"2025-11-09T22:22:13","modified_gmt":"2025-11-09T22:22:13","slug":"les-notes-des-joueurs-nicois","status":"publish","type":"post","link":"https:\/\/www.europesays.com\/fr\/523644\/","title":{"rendered":"les notes des joueurs ni\u00e7ois"},"content":{"rendered":"<p class=\"fs-5 \"><strong>Diouf (4)<\/strong>\u00a0: il est sauv\u00e9 par sa barre sur une frappe de Tsitaishvili et battu \u00e0 contre pied par Hein sur penalty, puis par Diallo \u00e0 bout portant. Sans \u00eatre forc\u00e9ment fautif, il quitte la Lorraine sans avoir fait un arr\u00eat, lui qui s\u2019est montr\u00e9 moins dominant aussi dans ses sorties a\u00e9riennes.<\/p>\n<p>            <img src=\"https:\/\/www.europesays.com\/fr\/wp-content\/uploads\/2025\/11\/1762726933_968_d96e972_upload-1-v2sozwccll4p-dambin.jpg\"   loading=\"lazy\" decoding=\"async\" alt=\"\" class=\"img-fluid position-absolute w-100 object-fit-cover rounded-2\" width=\"600\" height=\"400\"\/><\/p>\n<p class=\"fs-5 \"><strong>Mendy (4)\u00a0<\/strong>: comme lorsqu\u2019il s\u2019est jet\u00e9 pour contrer la frappe de Deminguet \u00e0 l\u2019entr\u00e9e de la surface, il avait dans l\u2019ensemble plut\u00f4t affich\u00e9 de la r\u00e9ussite dans ses interventions d\u00e9fensives avant d\u2019\u00eatre mis dans le vent par Diallo sur le 2-1 messin. Une action qui co\u00fbte cher. Remplac\u00e9 dans la foul\u00e9e par GOUVEIA (86\u2019).<\/p>\n<p class=\"fs-5 \"><strong>Bah (4)<\/strong>\u00a0: il a soulag\u00e9 sa d\u00e9fense avec plusieurs ballons dangereux \u00e9cart\u00e9s de la t\u00eate, du haut de son m\u00e8tre 95. Meilleur des trois de derri\u00e8re en premi\u00e8re mi-temps, il est s\u00e9v\u00e8rement sanctionn\u00e9 en seconde d\u2019un penalty pour avoir tir\u00e9 le maillot de Diallo. Lequel l\u2019a beaucoup emb\u00eat\u00e9 en jouant de son corps quand le Sierra-L\u00e9onais allait le chercher haut.<\/p>\n<p class=\"fs-5 \"><strong>Oppong (4)<\/strong>\u00a0: sans doute pas assez aid\u00e9 par Abdi, il a sembl\u00e9 sur un fil en premi\u00e8re mi-temps dans son duel avec Sabaly, qui l\u2019a plusieurs fois pris de vitesse, avant de passer une seconde p\u00e9riode un peu plus tranquille.<\/p>\n<p class=\"fs-5 \"><strong>Clauss (4)<\/strong>\u00a0: titulaire surprise, il \u00e9tait attendu au tournant apr\u00e8s l\u2019imbroglio autour de sa blessure. Il n\u2019a pas toujours \u00e9t\u00e9 le plus rigoureux dans ses replis d\u00e9fensifs, comme sur l\u2019action qui am\u00e8ne la barre de Tsitaishvili. Ses co\u00e9quipiers, eux, n\u2019ont pas bonifi\u00e9 les quelques ballons qu\u2019il a amen\u00e9s dans la surface.<\/p>\n<p class=\"fs-5 \"><strong>Boudaoui (4)\u00a0<\/strong>: ni tranchant ni juste balle au pied, il a souvent sembl\u00e9 \u00e0 contretemps, tr\u00e8s loin du gros niveau qu\u2019il est capable d\u2019afficher. Son \u00e9quipe, qui devait faire le jeu, en a p\u00e2ti.<\/p>\n<p class=\"fs-5 \"><strong>Vanhoutte (5)\u00a0<\/strong>: il est amen\u00e9 \u00e0 devenir un cadre de cet effectif et il a montr\u00e9 hier qu\u2019il avait les \u00e9paules pour assumer cette charge. C\u2019est brassard de capitaine au bras qu\u2019il d\u00e9livre une passe d\u00e9cisive dans le parfait timing \u00e0 Cho sur l\u2019ouverture du score. Mais il n\u2019a pas non plus pu emp\u00eacher la nouvelle faillite mentale du Gym.<\/p>\n<p class=\"fs-5 \"><strong>Abdi (3)\u00a0<\/strong>: d\u00e9j\u00e0 sorti \u00e0 la mi-temps trois jours plus t\u00f4t contre Fribourg par son coach qui ne le trouvait pas \u00ab\u00a0dans une forme olympique\u00a0\u00bb, il n\u2019a pas pass\u00e9 davantage de temps sur la pelouse hier, assez catastrophique dans tout ce qu\u2019il a entrepris. Remplac\u00e9 par BARD (46\u2019, note\u00a0: 4), revanchard apr\u00e8s la soir\u00e9e cauchemardesque de mercredi mais assez neutre.<\/p>\n<p class=\"fs-5 \"><strong>Diop (4)\u00a0<\/strong>: il n\u2019a d\u2019abord pas montr\u00e9 son meilleur visage, \u00e0 l\u2019image de cette mauvaise passe pour Boudaoui qui a offert une belle cartouche aux Messins (9\u2019). Mais m\u00eame peu inspir\u00e9, il reste capable de d\u00e9canter des situations, lui qui dos au but, est au d\u00e9part de l\u2019action du 0-1 ni\u00e7ois. Ce fut quand m\u00eame trop peu. Remplac\u00e9 par SANSON (80\u2019).<\/p>\n<p class=\"fs-5 \"><strong>Cho (5)\u00a0<\/strong>: il a inscrit son premier but de la saison en L1 d\u2019un magnifique enroul\u00e9 en premi\u00e8re intention alors que son \u00e9quipe n\u2019avait pas franchement multipli\u00e9 les \u00e9clairs avant cela. Moins actif en seconde p\u00e9riode, hormis une t\u00eate non cadr\u00e9e. Remplac\u00e9 par MOFFI (80\u2019), priv\u00e9 par la VAR d\u2019un penalty.<\/p>\n<p class=\"fs-5 \"><strong>Carlos (3)\u00a0<\/strong>: une t\u00eate non cadr\u00e9e (29\u2019) et une frappe trop molle (40\u2019) ont \u00e9t\u00e9 quasiment ses seuls faits d\u2019arme d\u2019un match durant lequel il a aussi suscit\u00e9 la col\u00e8re de Diop apr\u00e8s l\u2019avoir g\u00ean\u00e9 au second poteau. Il n\u2019a \u00e9t\u00e9 ni chirurgical ni influent dans le jeu, avec 15 petits ballons touch\u00e9s&#8230; Remplac\u00e9 par BOGA (71\u2019)<\/p>\n<p class=\"fs-5 \"><strong>Coach (3)<\/strong>\u00a0: son discours \u00e0 coeur ouvert mercredi n\u2019a pas transcend\u00e9 son \u00e9quipe, qui a m\u00e9rit\u00e9 de perdre \u00e0 Metz m\u00eame si l\u2019arbitrage de Mme Frappart ne l\u2019a pas aid\u00e9. Ses changements n\u2019ont pas amen\u00e9 de nouvel \u00e9lan.<\/p>\n<p class=\"fs-5 \"><strong>Arbitre (2)<\/strong><\/p>\n<p class=\"fs-5 \"><strong>Match (5)<\/strong><\/p>\n","protected":false},"excerpt":{"rendered":"Diouf (4)\u00a0: il est sauv\u00e9 par sa barre sur une frappe de Tsitaishvili et battu \u00e0 contre pied&hellip;\n","protected":false},"author":2,"featured_media":523645,"comment_status":"","ping_status":"","sticky":false,"template":"","format":"standard","meta":{"footnotes":""},"categories":[2819],"tags":[1111,11,1777,674,1011,27,12,2401,54521,882,25],"class_list":{"0":"post-523644","1":"post","2":"type-post","3":"status-publish","4":"format-standard","5":"has-post-thumbnail","7":"category-nice","8":"tag-actu","9":"tag-actualites","10":"tag-eu","11":"tag-europe","12":"tag-fr","13":"tag-france","14":"tag-news","15":"tag-nice","16":"tag-ogcnice","17":"tag-provence-alpes-cote-dazur","18":"tag-republique-francaise"},"share_on_mastodon":{"url":"https:\/\/pubeurope.com\/@fr\/115522080297905653","error":""},"_links":{"self":[{"href":"https:\/\/www.europesays.com\/fr\/wp-json\/wp\/v2\/posts\/523644","targetHints":{"allow":["GET"]}}],"collection":[{"href":"https:\/\/www.europesays.com\/fr\/wp-json\/wp\/v2\/posts"}],"about":[{"href":"https:\/\/www.europesays.com\/fr\/wp-json\/wp\/v2\/types\/post"}],"author":[{"embeddable":true,"href":"https:\/\/www.europesays.com\/fr\/wp-json\/wp\/v2\/users\/2"}],"replies":[{"embeddable":true,"href":"https:\/\/www.europesays.com\/fr\/wp-json\/wp\/v2\/comments?post=523644"}],"version-history":[{"count":0,"href":"https:\/\/www.europesays.com\/fr\/wp-json\/wp\/v2\/posts\/523644\/revisions"}],"wp:featuredmedia":[{"embeddable":true,"href":"https:\/\/www.europesays.com\/fr\/wp-json\/wp\/v2\/media\/523645"}],"wp:attachment":[{"href":"https:\/\/www.europesays.com\/fr\/wp-json\/wp\/v2\/media?parent=523644"}],"wp:term":[{"taxonomy":"category","embeddable":true,"href":"https:\/\/www.europesays.com\/fr\/wp-json\/wp\/v2\/categories?post=523644"},{"taxonomy":"post_tag","embeddable":true,"href":"https:\/\/www.europesays.com\/fr\/wp-json\/wp\/v2\/tags?post=523644"}],"curies":[{"name":"wp","href":"https:\/\/api.w.org\/{rel}","templated":true}]}}