{"id":523646,"date":"2025-11-09T22:23:29","date_gmt":"2025-11-09T22:23:29","guid":{"rendered":"https:\/\/www.europesays.com\/fr\/523646\/"},"modified":"2025-11-09T22:23:29","modified_gmt":"2025-11-09T22:23:29","slug":"en-vue-de-la-reunion-du-rassemblement-national-a-nantes-le-prefet-interdit-les-manifestations-ce","status":"publish","type":"post","link":"https:\/\/www.europesays.com\/fr\/523646\/","title":{"rendered":"En vue de la r\u00e9union du Rassemblement national \u00e0 Nantes, le pr\u00e9fet interdit les manifestations ce"},"content":{"rendered":"<p>L\u2019information a fuit\u00e9 vendredi soir 7\u00a0novembre, par un <a href=\"https:\/\/nantes.maville.com\/actu\/actudet_-reunion-du-rn-a-la-mediatheque-de-nantes-il-est-inimaginable-qu-elle-se-tienne-selon-la-cgt-_8-7054404_actu.Htm\" target=\"_blank\" rel=\"noopener\">communiqu\u00e9 \u00e9manant de la CGT, s\u2019offusquant de\u00a0la tenue d\u2019une r\u00e9union du Rassemblement national<\/a>, dimanche 9\u00a0novembre, dans une salle municipale, attenante \u00e0 la m\u00e9diath\u00e8que Jacques-Demy, \u00e0 Nantes.<\/p>\n<p>Rapidement, sur les r\u00e9seaux sociaux, des collectifs de l\u2019extr\u00eame gauche ont fait conna\u00eetre leur volont\u00e9 de manifester contre la pr\u00e9sence du parti d\u2019extr\u00eame droite.<\/p>\n<p>Selon des estimations de la pr\u00e9fecture, <strong>\u00ab\u00a0100 \u00e0 200\u00a0militants de l\u2019ultra gauche et affili\u00e9s sont susceptibles d\u2019emp\u00eacher ou perturber cette r\u00e9union politique\u00a0\u00bb.<\/strong><\/p>\n<p>En cons\u00e9quence, \u00e9voquant de pr\u00e9c\u00e9dents affrontements survenus dans des contextes similaires (\u00e0 Vertou, en octobre\u00a02024 ou, plus r\u00e9cemment, \u00e0 Vigneux-de-Bretagne), le pr\u00e9fet a sign\u00e9 un arr\u00eat\u00e9, ce samedi 8\u00a0novembre, interdisant les manifestations et rassemblements non d\u00e9clar\u00e9s ce dimanche, entre 13\u00a0h et 20\u00a0h, dans un p\u00e9rim\u00e8tre autour de la m\u00e9diath\u00e8que.<\/p>\n<p>\u00a0<\/p>\n","protected":false},"excerpt":{"rendered":"L\u2019information a fuit\u00e9 vendredi soir 7\u00a0novembre, par un communiqu\u00e9 \u00e9manant de la CGT, s\u2019offusquant de\u00a0la tenue d\u2019une r\u00e9union&hellip;\n","protected":false},"author":2,"featured_media":523647,"comment_status":"","ping_status":"","sticky":false,"template":"","format":"standard","meta":{"footnotes":""},"categories":[2818],"tags":[5658,1111,11,6664,1777,674,1011,27,11648,1272,766,3238,12,24649,2636,14583,3919,25,24577,13373],"class_list":{"0":"post-523646","1":"post","2":"type-post","3":"status-publish","4":"format-standard","5":"has-post-thumbnail","7":"category-nantes","8":"tag-5658","9":"tag-actu","10":"tag-actualites","11":"tag-dimanche","12":"tag-eu","13":"tag-europe","14":"tag-fr","15":"tag-france","16":"tag-interdit","17":"tag-manifestations","18":"tag-nantes","19":"tag-national","20":"tag-news","21":"tag-novembre","22":"tag-pays-de-la-loire","23":"tag-prefet","24":"tag-rassemblement","25":"tag-republique-francaise","26":"tag-reunion","27":"tag-vue"},"share_on_mastodon":{"url":"https:\/\/pubeurope.com\/@fr\/115522083494072953","error":""},"_links":{"self":[{"href":"https:\/\/www.europesays.com\/fr\/wp-json\/wp\/v2\/posts\/523646","targetHints":{"allow":["GET"]}}],"collection":[{"href":"https:\/\/www.europesays.com\/fr\/wp-json\/wp\/v2\/posts"}],"about":[{"href":"https:\/\/www.europesays.com\/fr\/wp-json\/wp\/v2\/types\/post"}],"author":[{"embeddable":true,"href":"https:\/\/www.europesays.com\/fr\/wp-json\/wp\/v2\/users\/2"}],"replies":[{"embeddable":true,"href":"https:\/\/www.europesays.com\/fr\/wp-json\/wp\/v2\/comments?post=523646"}],"version-history":[{"count":0,"href":"https:\/\/www.europesays.com\/fr\/wp-json\/wp\/v2\/posts\/523646\/revisions"}],"wp:featuredmedia":[{"embeddable":true,"href":"https:\/\/www.europesays.com\/fr\/wp-json\/wp\/v2\/media\/523647"}],"wp:attachment":[{"href":"https:\/\/www.europesays.com\/fr\/wp-json\/wp\/v2\/media?parent=523646"}],"wp:term":[{"taxonomy":"category","embeddable":true,"href":"https:\/\/www.europesays.com\/fr\/wp-json\/wp\/v2\/categories?post=523646"},{"taxonomy":"post_tag","embeddable":true,"href":"https:\/\/www.europesays.com\/fr\/wp-json\/wp\/v2\/tags?post=523646"}],"curies":[{"name":"wp","href":"https:\/\/api.w.org\/{rel}","templated":true}]}}