{"id":523658,"date":"2025-11-09T22:30:22","date_gmt":"2025-11-09T22:30:22","guid":{"rendered":"https:\/\/www.europesays.com\/fr\/523658\/"},"modified":"2025-11-09T22:30:22","modified_gmt":"2025-11-09T22:30:22","slug":"ligue-1-emegha-panichelli-lassociation-de-bienfaiteurs-du-racing-face-a-lille-2-0","status":"publish","type":"post","link":"https:\/\/www.europesays.com\/fr\/523658\/","title":{"rendered":"Ligue 1. Emegha &#8211; Panichelli, l\u2019association de bienfaiteurs du Racing face \u00e0 Lille (2-0)"},"content":{"rendered":"<p>Jusque-l\u00e0, <a href=\"https:\/\/www.dna.fr\/p\/liam-rosenior\" target=\"_blank\" rel=\"noopener\">Liam Rosenior<\/a> n\u2019avait align\u00e9 \u201cEmma\u201d et \u201cPani\u201d ensemble au coup d\u2019envoi qu\u2019\u00e0 deux reprises. C\u2019\u00e9tait en tout d\u00e9but de saison, \u00e0 Metz (0-1) en ouverture de championnat et contre les Danois de Brondby (0-0) en barrage aller de la Ligue Conf\u00e9rence.<\/p>\n<p>Entre-temps, <a href=\"https:\/\/www.dna.fr\/sport\/2025\/09\/12\/racing-emmanuel-emegha-annonce-son-depart-pour-chelsea-l-ete-prochain\" target=\"_blank\" rel=\"noopener\">Emmanuel Emegha a commis un crime de l\u00e8se-majest\u00e9 aux yeux des supporters en posant avec le maillot de Chelsea,<\/a> le club fr\u00e8re de BlueCo que le N\u00e9erlandais de 22 ans rejoindra l\u2019\u00e9t\u00e9 prochain, puis a pass\u00e9 beaucoup de temps \u00e0 l\u2019infirmerie pour soigner un ischio-jambier douloureux.<\/p>\n<p>En son absence \u2013 neuf matches, Ligue 1 et Europe confondues \u2013, l\u2019Argentin Joaquin Panichelli, 23 ans, s\u2019est r\u00e9v\u00e9l\u00e9 au public alsacien et \u00e0 la France du ballon rond. L\u2019inconnu d\u00e9barqu\u00e9 de Mirand\u00e8s, en deuxi\u00e8me division espagnole, a enquill\u00e9 les buts \u2013 neuf en douze journ\u00e9es \u2013 et pes\u00e9 sur les d\u00e9fenses les plus aguerries.<\/p>\n<p>\u00ab\u00a0Vraiment chanceux d\u2019avoir deux attaquants de ce niveau\u00a0\u00bb<\/p>\n<p><a href=\"https:\/\/www.dna.fr\/sport\/2025\/11\/09\/suivez-en-direct-le-match-entre-le-racing-club-de-strasbourg-et-lille-(17h15)\" target=\"_blank\" rel=\"noopener\">Il a donc fallu attendre novembre et la venue de Lille<\/a> pour revoir les deux&#8230;<\/p>\n","protected":false},"excerpt":{"rendered":"Jusque-l\u00e0, Liam Rosenior n\u2019avait align\u00e9 \u201cEmma\u201d et \u201cPani\u201d ensemble au coup d\u2019envoi qu\u2019\u00e0 deux reprises. C\u2019\u00e9tait en tout&hellip;\n","protected":false},"author":2,"featured_media":523659,"comment_status":"","ping_status":"","sticky":false,"template":"","format":"standard","meta":{"footnotes":""},"categories":[2815],"tags":[328,1111,11,2880,1777,674,107,63,1011,27,811,1307,12,41281,25,517,640,2879],"class_list":{"0":"post-523658","1":"post","2":"type-post","3":"status-publish","4":"format-standard","5":"has-post-thumbnail","7":"category-lille","8":"tag-a-la-une","9":"tag-actu","10":"tag-actualites","11":"tag-edition-strasbourg","12":"tag-eu","13":"tag-europe","14":"tag-fil-info","15":"tag-football","16":"tag-fr","17":"tag-france","18":"tag-hauts-de-france","19":"tag-lille","20":"tag-news","21":"tag-racing-club-strasbourg-masculin","22":"tag-republique-francaise","23":"tag-sport","24":"tag-strasbourg","25":"tag-strasbourg-ville"},"share_on_mastodon":{"url":"https:\/\/pubeurope.com\/@fr\/115522110964563199","error":""},"_links":{"self":[{"href":"https:\/\/www.europesays.com\/fr\/wp-json\/wp\/v2\/posts\/523658","targetHints":{"allow":["GET"]}}],"collection":[{"href":"https:\/\/www.europesays.com\/fr\/wp-json\/wp\/v2\/posts"}],"about":[{"href":"https:\/\/www.europesays.com\/fr\/wp-json\/wp\/v2\/types\/post"}],"author":[{"embeddable":true,"href":"https:\/\/www.europesays.com\/fr\/wp-json\/wp\/v2\/users\/2"}],"replies":[{"embeddable":true,"href":"https:\/\/www.europesays.com\/fr\/wp-json\/wp\/v2\/comments?post=523658"}],"version-history":[{"count":0,"href":"https:\/\/www.europesays.com\/fr\/wp-json\/wp\/v2\/posts\/523658\/revisions"}],"wp:featuredmedia":[{"embeddable":true,"href":"https:\/\/www.europesays.com\/fr\/wp-json\/wp\/v2\/media\/523659"}],"wp:attachment":[{"href":"https:\/\/www.europesays.com\/fr\/wp-json\/wp\/v2\/media?parent=523658"}],"wp:term":[{"taxonomy":"category","embeddable":true,"href":"https:\/\/www.europesays.com\/fr\/wp-json\/wp\/v2\/categories?post=523658"},{"taxonomy":"post_tag","embeddable":true,"href":"https:\/\/www.europesays.com\/fr\/wp-json\/wp\/v2\/tags?post=523658"}],"curies":[{"name":"wp","href":"https:\/\/api.w.org\/{rel}","templated":true}]}}