{"id":523660,"date":"2025-11-09T22:31:22","date_gmt":"2025-11-09T22:31:22","guid":{"rendered":"https:\/\/www.europesays.com\/fr\/523660\/"},"modified":"2025-11-09T22:31:22","modified_gmt":"2025-11-09T22:31:22","slug":"le-patron-de-mode-in-sud-veut-preserver-a-tout-prix-les-commercants-locaux","status":"publish","type":"post","link":"https:\/\/www.europesays.com\/fr\/523660\/","title":{"rendered":"le patron de Mode in Sud veut pr\u00e9server \u00e0 tout prix les commer\u00e7ants locaux"},"content":{"rendered":"<p>\u00ab\u00a0S&rsquo;il y avait bel et bien une vell\u00e9it\u00e9 de Shein de s&rsquo;installer en centre-ville \u00e0 Marseille et qu&rsquo;\u00e9ventuellement une personnalit\u00e9 politique, quelle qu&rsquo;elle soit, avait dans l&rsquo;id\u00e9e de tendre la main, je me mettrais en travers de la route, assure le pr\u00e9sident du syndicat marseillais Mode in Sud. Mais \u00e0 ma connaissance, aucun d&rsquo;entre eux ne serait susceptible de donner son accord.\u00a0\u00bb<\/p>\n<p>\u00ab\u00a0\u00c9viter un silence qui pourrait vite devenir assourdissant\u00a0\u00bb<\/p>\n<p>Optimiste quant au positionnement des \u00e9lus locaux sur ce sujet sensible, Jocelyn Meire est convaincu qu&rsquo;ils sauront pr\u00e9server le tissu \u00e9conomique local et d\u00e9fendre les commer\u00e7ants ind\u00e9pendants face \u00e0 la concurrence du g\u00e9ant chinois. <a href=\"https:\/\/www.laprovence.com\/article\/societe\/10996411118407\/le-maire-de-nice-christian-estrosi-soppose-a-linstallation-dune-boutique-ephemere-shein\" target=\"_blank\" rel=\"noopener\">Comme l&rsquo;a d\u00e9j\u00e0 fait en 2024 Christian Estrosi<\/a> : \u00ab\u00a0Le maire de Nice cumule les prises de parole et les prises de position.\u00a0\u00bb<\/p>\n<p>\u00ab\u00a0J&rsquo;ai confiance dans les \u00e9lus locaux pour qu&rsquo;ils fassent tout ce qu&rsquo;ils peuvent pour emp\u00eacher l&rsquo;implantation durable de Shein dans la r\u00e9gion\u00a0\u00bb, mart\u00e8le-t-il, appelant \u00e0 une prise de position claire pour \u00ab\u00a0\u00e9viter un silence qui pourrait vite devenir assourdissant\u00a0\u00bb et rappelant qu&rsquo;en tant que personnalit\u00e9 publique \u00ab\u00a0il est n\u00e9cessaire de sensibiliser les gens sur leurs actes d&rsquo;achats\u00a0\u00bb.\u00a0<\/p>\n","protected":false},"excerpt":{"rendered":"\u00ab\u00a0S&rsquo;il y avait bel et bien une vell\u00e9it\u00e9 de Shein de s&rsquo;installer en centre-ville \u00e0 Marseille et qu&rsquo;\u00e9ventuellement&hellip;\n","protected":false},"author":2,"featured_media":523661,"comment_status":"","ping_status":"","sticky":false,"template":"","format":"standard","meta":{"footnotes":""},"categories":[2814],"tags":[17,1111,11,4753,1777,674,1011,27,884,985,12,626,4030,882,16,25,1104,7053,9870],"class_list":{"0":"post-523660","1":"post","2":"type-post","3":"status-publish","4":"format-standard","5":"has-post-thumbnail","7":"category-marseille","8":"tag-17","9":"tag-actu","10":"tag-actualites","11":"tag-bhv","12":"tag-eu","13":"tag-europe","14":"tag-fr","15":"tag-france","16":"tag-marseille","17":"tag-mode","18":"tag-news","19":"tag-paris","20":"tag-patron","21":"tag-provence-alpes-cote-dazur","22":"tag-region","23":"tag-republique-francaise","24":"tag-shein","25":"tag-sud","26":"tag-veut"},"share_on_mastodon":{"url":"https:\/\/pubeurope.com\/@fr\/115522114994487258","error":""},"_links":{"self":[{"href":"https:\/\/www.europesays.com\/fr\/wp-json\/wp\/v2\/posts\/523660","targetHints":{"allow":["GET"]}}],"collection":[{"href":"https:\/\/www.europesays.com\/fr\/wp-json\/wp\/v2\/posts"}],"about":[{"href":"https:\/\/www.europesays.com\/fr\/wp-json\/wp\/v2\/types\/post"}],"author":[{"embeddable":true,"href":"https:\/\/www.europesays.com\/fr\/wp-json\/wp\/v2\/users\/2"}],"replies":[{"embeddable":true,"href":"https:\/\/www.europesays.com\/fr\/wp-json\/wp\/v2\/comments?post=523660"}],"version-history":[{"count":0,"href":"https:\/\/www.europesays.com\/fr\/wp-json\/wp\/v2\/posts\/523660\/revisions"}],"wp:featuredmedia":[{"embeddable":true,"href":"https:\/\/www.europesays.com\/fr\/wp-json\/wp\/v2\/media\/523661"}],"wp:attachment":[{"href":"https:\/\/www.europesays.com\/fr\/wp-json\/wp\/v2\/media?parent=523660"}],"wp:term":[{"taxonomy":"category","embeddable":true,"href":"https:\/\/www.europesays.com\/fr\/wp-json\/wp\/v2\/categories?post=523660"},{"taxonomy":"post_tag","embeddable":true,"href":"https:\/\/www.europesays.com\/fr\/wp-json\/wp\/v2\/tags?post=523660"}],"curies":[{"name":"wp","href":"https:\/\/api.w.org\/{rel}","templated":true}]}}