{"id":523663,"date":"2025-11-09T22:33:20","date_gmt":"2025-11-09T22:33:20","guid":{"rendered":"https:\/\/www.europesays.com\/fr\/523663\/"},"modified":"2025-11-09T22:33:20","modified_gmt":"2025-11-09T22:33:20","slug":"energie-dici-lelectricite-en-circuit-court-a-pignon-sur-rue-a-lyon","status":"publish","type":"post","link":"https:\/\/www.europesays.com\/fr\/523663\/","title":{"rendered":"Energie d&rsquo;Ici : l&rsquo;\u00e9lectricit\u00e9 en circuit court a pignon sur rue \u00e0 Lyon"},"content":{"rendered":"<p>\u00c9nergie d\u2019ici a d\u00e9sormais une adresse \u00e0 Lyon, au 43 rue S\u00e9bastien Gryphe dans le quartier de la Guilloti\u00e8re. Le fournisseur d\u2019\u00e9lectricit\u00e9 100 % renouvelable et locale veut renforcer \u00e0 la fois son rayonnement national et son enracinement territorial.<\/p>\n<p>Une large part de l\u2019<strong>\u00e9lectricit\u00e9<\/strong> consomm\u00e9 en France est produite par <strong>EDF<\/strong>. Mais nos cours d\u2019eau, nombreux dans la r\u00e9gion, ont vu aussi fleurir de nombreuses <strong>installations hydro\u00e9lectriques<\/strong>.<\/p>\n<p>A <strong><a href=\"https:\/\/www.lyondemain.fr\/couzon-au-mont-dor-centrale-hydroelectrique\/\" target=\"_blank\" rel=\"noreferrer noopener\">Couzon-au-Mont-d\u2019Or<\/a><\/strong>, depuis plus de 40 ans, une petite centrale install\u00e9e sur le barrage permet de produire 4MW. Soit 18 gigawatts\/heures en moyenne par an. l\u2019\u00e9quivalent de la consommation de 3800 foyers.<\/p>\n<p>Ces <strong>unit\u00e9s de production<\/strong> sont compl\u00e9mentaires avec les grosses <strong>unit\u00e9s d\u2019<a href=\"https:\/\/www.edf.fr\/\" target=\"_blank\" rel=\"noopener\">EDF<\/a><\/strong> que sont les <strong>centrales nucl\u00e9aires<\/strong>. Ou encore avec la <strong><a href=\"https:\/\/www.cnr.tm.fr\/\" target=\"_blank\" rel=\"noreferrer noopener\">Compagnie Nationale du Rh\u00f4ne<\/a><\/strong> (<strong>CNR<\/strong>), exploitant de la quasi totalit\u00e9 des<strong> barrages<\/strong> du fleuve.<\/p>\n<p>Des <strong>petits producteurs<\/strong> ont fait le choix de vendre leur \u00e9lectricit\u00e9 \u00e0<strong> \u00c9nergie d\u2019Ici<\/strong>. Un <a href=\"https:\/\/www.energiedici.fr\/\" target=\"_blank\" rel=\"noreferrer noopener\">regroupement<\/a> de nombreux producteurs ind\u00e9pendants\u2026 Nous avons rencontr\u00e9 <strong>Antoine Garcier<\/strong>, le directeur g\u00e9n\u00e9ral d\u2019<strong>Energie d\u2019Ici<\/strong>.<\/p>\n<p>Ecoutez le podcast<\/p>\n<p>Energie d\u2019Ici<\/p>\n<p>\u00ab\u00a0Nos associ\u00e9s, ce sont souvent des<strong> entreprises familiales<\/strong>, des <strong>PME r\u00e9gionales<\/strong>, qui ont construit, parfois rachet\u00e9 des centrales. Et donc elles exploitent ces actifs-l\u00e0. Et pour l\u2019<strong>\u00e9olien<\/strong> et le<strong> solaire<\/strong>, c\u2019est un peu plus r\u00e9cent, donc souvent ce sont des gens qui sont \u00e0 l\u2019origine m\u00eame du projet. Qui ont aussi demand\u00e9 les autorisations et qui ont construit les actifs. Nous <strong>on agr\u00e8ge leur production<\/strong>. La plus petite unit\u00e9 produit 10 kilowatts. Donc c\u2019est petit, c\u2019est un ancien moulin. Et la plus grosse produit 12 m\u00e9gawatts. On fait vraiment le grand \u00e9cart\u00a0\u00bb.<\/p>\n<p>Ecoutez aussi : <a href=\"https:\/\/www.lyondemain.fr\/fete-des-lumieres-2025-spectacle-drones\/\" target=\"_blank\" rel=\"noreferrer noopener\">F\u00eate des Lumi\u00e8res 2025 : quand les drones entrent en sc\u00e8ne\u2026<\/a><\/p>\n<blockquote class=\"instagram-media\" data-instgrm-captioned=\"\" data-instgrm-permalink=\"https:\/\/www.instagram.com\/p\/DGVOURXtnYP\/?utm_source=ig_embed&amp;utm_campaign=loading\" data-instgrm-version=\"14\" style=\" background:#FFF; border:0; border-radius:3px; box-shadow:0 0 1px 0 rgba(0,0,0,0.5),0 1px 10px 0 rgba(0,0,0,0.15); margin: 1px; max-width:540px; min-width:326px; padding:0; width:99.375%; width:-webkit-calc(100% - 2px); width:calc(100% - 2px);\"\/>\n<p>Des clients professionnels, de l\u2019artisan \u00e0 la PME<\/p>\n<p>D\u2019un c\u00f4t\u00e9, des producteurs, de l\u2019autre, les adh\u00e9rents \u00e0 Energie d\u2019Ici. \u00a0\u00bb Les adh\u00e9rents, ce sont nos <strong>consommateurs<\/strong> de tous types. Des <strong>clients particuliers<\/strong> qu\u2019on est ravi de fournir. Mais c\u2019est vrai qu\u2019on est plut\u00f4t d\u00e9di\u00e9 aux <strong>clients professionnels<\/strong>. Et l\u00e0, pour le coup, on va retrouver de l\u2019<strong>artisan commer\u00e7ant<\/strong> jusqu\u2019\u00e0 l\u2019<strong>industriel<\/strong>, en passant aussi par des <strong>collectivit\u00e9s locales<\/strong> et des <strong>PME<\/strong>\u00ab\u00a0.<\/p>\n<p>La mutualisation des moyens permet aux <strong>ind\u00e9pendants de l\u2019\u00e9nergie<\/strong> de s\u2019organiser et de vendre directement leur production. <strong>Gilles Adisson<\/strong> est le pr\u00e9sident de <strong>Pyr\u00e9n\u00e9es Energie<\/strong>. Son entreprise g\u00e8re <strong>8 centrales dans les Pyr\u00e9n\u00e9es Centrales<\/strong>. Il nous explique comment on devient <strong>producteur ind\u00e9pendant<\/strong>.<\/p>\n<p><img decoding=\"async\"  alt=\"\" data-height=\"675\" data-id=\"252361\" data-link=\"https:\/\/www.lyondemain.fr\/?attachment_id=252361\" data-url=\"https:\/\/www.lyondemain.fr\/wp-content\/uploads\/2025\/11\/Energie-dIci-Gilles-Adisson-Pyrenees-Energie.jpg\" data-width=\"1200\" src=\"https:\/\/www.europesays.com\/fr\/wp-content\/uploads\/2025\/11\/Energie-dIci-Gilles-Adisson-Pyrenees-Energie.jpg\" data-amp-layout=\"responsive\"\/><img decoding=\"async\"  alt=\"appli Pyr\u00e9n\u00e9es Energie\" data-height=\"675\" data-id=\"252358\" data-link=\"https:\/\/www.lyondemain.fr\/?attachment_id=252358\" data-url=\"https:\/\/www.lyondemain.fr\/wp-content\/uploads\/2025\/11\/Energie-dIci-appli-Pyrenees-Energie.jpg\" data-width=\"1200\" src=\"https:\/\/www.europesays.com\/fr\/wp-content\/uploads\/2025\/11\/Energie-dIci-appli-Pyrenees-Energie.jpg\" data-amp-layout=\"responsive\"\/><\/p>\n<p>\u00ab\u00a0Par int\u00e9r\u00eat, par go\u00fbt, il faut \u00e0 la fois <strong>aimer le milieu naturel<\/strong>, la nature, il faut savoir interpr\u00e9ter ses caract\u00e9ristiques de pente, de d\u00e9bit. Il faut avoir des<strong> formations techniques<\/strong>, parce qu\u2019on touche \u00e0 la m\u00e9canique des sols, \u00e0 l\u2019\u00e9lectricit\u00e9, aux b\u00e2timents, aux turbines, \u00e0 l\u2019hydrom\u00e9canique, etc. Il y a des bureaux sp\u00e9cialis\u00e9s, des fournisseurs. En France, on a la chance d\u2019avoir toute la gamme de fournisseurs. On peut <strong>construire enti\u00e8rement avec du mat\u00e9riel fran\u00e7ais<\/strong>. avec des bo\u00eetes comme <strong>Alstom<\/strong>, <strong>Schneider<\/strong>\u2026bien d\u2019autres. L\u2019hydro, c\u2019est la meilleure des <strong>\u00e9nergies renouvelables<\/strong>. C\u2019est celle qui produit le moins de CO2 au kWh produit. C\u2019est celle qui est la plus pr\u00e9visible\u2026On esp\u00e8re une simplification des proc\u00e9dures pour lancer davantage de prrojets\u00a0\u00bb.<\/p>\n<p>Eric Mendels, est le directeur d\u2019<strong><a href=\"https:\/\/www.easycharge-vinci.com\/\" target=\"_blank\" rel=\"noreferrer noopener\">EasyCharge<\/a><\/strong>. Cette filiale du <strong>groupe Vinci<\/strong> est cliente d\u2019<strong>Energie d\u2019Ici<\/strong> pour son r\u00e9seau de <strong>bornes de recharge<\/strong>.<\/p>\n<p><img fetchpriority=\"high\" decoding=\"async\" width=\"1200\" height=\"675\" src=\"https:\/\/www.europesays.com\/fr\/wp-content\/uploads\/2025\/11\/Energie-dIci-Eric-Mendels-Easycharge.jpg\" alt=\"Energie d'Ici\" class=\"wp-image-252359\"  \/>Eric Mendels<\/p>\n<p>\u00ab\u00a0<strong>Energie d\u2019Ici<\/strong>, c\u2019est notre <strong>fournisseur en \u00e9nergie verte et locale<\/strong>.Les valeurs que porte <strong>Energie d\u2019Ici<\/strong> correspondent aussi aux valeurs que nous souhaitons mettre en avant pour alimenter nos <strong>bornes de recharge<\/strong>. Avec un esprit de <strong>borne locale ancr\u00e9e dans les territoires<\/strong>\u00ab\u00a0.<\/p>\n<p>Ecoutez aussi :<a href=\"https:\/\/www.lyondemain.fr\/developper-les-energies-renouvelables-auvergne-rhone-alpes\/\" target=\"_blank\" rel=\"noreferrer noopener\"> AURA veut d\u00e9velopper les \u00e9nergies renouvelables<\/a><\/p>\n<p>250 producteurs d\u2019\u00e9lectricit\u00e9 ind\u00e9pendants mutualisent leurs moyens<\/p>\n<p>Aujourd\u2019hui, le groupement <strong>Energie d\u2019Ici<\/strong> compte environ <strong>250 producteurs d\u2019\u00e9lectricit\u00e9 ind\u00e9pendants<\/strong>, dont une dizaine associ\u00e9s au capital<\/p>\n<p>L\u2019ensemble a pass\u00e9 le cap de 1 TWh d\u2019\u00e9lectricit\u00e9 agr\u00e9g\u00e9e. Avec <strong>30 collaborateurs et 16 000 adh\u00e9rents<\/strong>, pour la plupart professionnels\u2026Le <strong>mix \u00e9nerg\u00e9tique d\u2019\u00c9nergie d\u2019ici<\/strong> se r\u00e9partit entre <strong>hydro\u00e9lectricit\u00e9<\/strong> et<strong> \u00e9olien<\/strong>, pour environ 45% chacun. Mais aussi 9 % de <strong>biomasse<\/strong>, 3 % de <strong>solaire<\/strong>.<\/p>\n<p><strong>Energie d\u2019Ici<\/strong> a d\u00e9sormais une <strong>agence \u00e0 Lyon<\/strong> au <strong>43 rue S\u00e9bastien Gryphe<\/strong> dans le 7e arrondissement. C\u2019est m\u00eame son si\u00e8ge op\u00e9rationnel. Son objectif : se rendre accessible, visible, cr\u00e9dible, sur un march\u00e9 domin\u00e9 par des mastodontes de l\u2019\u00e9nergie.<\/p>\n<p>Ecoutez aussi :<a href=\"https:\/\/www.lyondemain.fr\/matelot-navigone-navettes-fluviales\/\" target=\"_blank\" rel=\"noreferrer noopener\"> Avec le Navig\u00f4ne, on peut \u00eatre matelot sur le r\u00e9seau TCL\u2026<\/a><\/p>\n<p><img loading=\"lazy\" decoding=\"async\" width=\"1200\" height=\"675\" src=\"https:\/\/www.europesays.com\/fr\/wp-content\/uploads\/2025\/11\/Energie-dIci-Antoine-Garcier.jpg\" alt=\"Antoine Garcier\" class=\"wp-image-252360\"  \/>Antoine Garcier<br \/>\nJ\u2019aime \u00e7a\u00a0:<\/p>\n<p>J\u2019aime chargement\u2026<\/p>\n<p><a class=\"sd-link-color\"\/><\/p>\n<p>\n\tArticles similaires\n<\/p>\n<p>\t\t\t\t<img decoding=\"async\" src=\"https:\/\/www.europesays.com\/fr\/wp-content\/uploads\/2025\/11\/1762727600_417_7866158698e17e8ed633c05e8f8e7fe5d9e057ad78661c4dc34e413abb6b9f19\" alt=\"G\u00e9rald Bouchon\"\/><\/p>\n<p>Pionnier des radios libres, passionn\u00e9 de radio, journaliste et dirigeant de m\u00e9dias \u00e9co-responsables..<\/p>\n<p>\t\t\t<script async src=\"\/\/www.instagram.com\/embed.js\"><\/script><\/p>\n","protected":false},"excerpt":{"rendered":"\u00c9nergie d\u2019ici a d\u00e9sormais une adresse \u00e0 Lyon, au 43 rue S\u00e9bastien Gryphe dans le quartier de la&hellip;\n","protected":false},"author":2,"featured_media":523664,"comment_status":"","ping_status":"","sticky":false,"template":"","format":"standard","meta":{"footnotes":""},"categories":[1889],"tags":[1111,11,64383,2430,7331,64384,64385,21253,18315,1777,674,1011,27,64386,2428,64387,12,21812,64388,64389,25],"class_list":{"0":"post-523663","1":"post","2":"type-post","3":"status-publish","4":"format-standard","5":"has-post-thumbnail","7":"category-lyon","8":"tag-actu","9":"tag-actualites","10":"tag-antoine-garcier","11":"tag-auvergne-rhone-alpes","12":"tag-collectivites-locales","13":"tag-easycharge","14":"tag-energie-dici","15":"tag-energie-renouvelable","16":"tag-eolien","17":"tag-eu","18":"tag-europe","19":"tag-fr","20":"tag-france","21":"tag-hydroelectricite","22":"tag-lyon","23":"tag-mix-energetique","24":"tag-news","25":"tag-photovoltaique","26":"tag-producteurs-denergie","27":"tag-pyrenees-energie","28":"tag-republique-francaise"},"share_on_mastodon":{"url":"https:\/\/pubeurope.com\/@fr\/115522123702032837","error":""},"_links":{"self":[{"href":"https:\/\/www.europesays.com\/fr\/wp-json\/wp\/v2\/posts\/523663","targetHints":{"allow":["GET"]}}],"collection":[{"href":"https:\/\/www.europesays.com\/fr\/wp-json\/wp\/v2\/posts"}],"about":[{"href":"https:\/\/www.europesays.com\/fr\/wp-json\/wp\/v2\/types\/post"}],"author":[{"embeddable":true,"href":"https:\/\/www.europesays.com\/fr\/wp-json\/wp\/v2\/users\/2"}],"replies":[{"embeddable":true,"href":"https:\/\/www.europesays.com\/fr\/wp-json\/wp\/v2\/comments?post=523663"}],"version-history":[{"count":0,"href":"https:\/\/www.europesays.com\/fr\/wp-json\/wp\/v2\/posts\/523663\/revisions"}],"wp:featuredmedia":[{"embeddable":true,"href":"https:\/\/www.europesays.com\/fr\/wp-json\/wp\/v2\/media\/523664"}],"wp:attachment":[{"href":"https:\/\/www.europesays.com\/fr\/wp-json\/wp\/v2\/media?parent=523663"}],"wp:term":[{"taxonomy":"category","embeddable":true,"href":"https:\/\/www.europesays.com\/fr\/wp-json\/wp\/v2\/categories?post=523663"},{"taxonomy":"post_tag","embeddable":true,"href":"https:\/\/www.europesays.com\/fr\/wp-json\/wp\/v2\/tags?post=523663"}],"curies":[{"name":"wp","href":"https:\/\/api.w.org\/{rel}","templated":true}]}}