{"id":523668,"date":"2025-11-09T22:38:16","date_gmt":"2025-11-09T22:38:16","guid":{"rendered":"https:\/\/www.europesays.com\/fr\/523668\/"},"modified":"2025-11-09T22:38:16","modified_gmt":"2025-11-09T22:38:16","slug":"monaco-et-paris-simposent-six-equipes-en-tete-du-championnat","status":"publish","type":"post","link":"https:\/\/www.europesays.com\/fr\/523668\/","title":{"rendered":"Monaco et Paris s\u2019imposent, six \u00e9quipes en t\u00eate du championnat"},"content":{"rendered":"<p>\n    Avec les victoires de Monaco et Paris dimanche \u00e0 domicile de Saint-Quentin (92-84) et Limoges (115-93) en cl\u00f4ture de la 7e journ\u00e9e, six \u00e9quipes affichent d\u00e9sormais le m\u00eame bilan de cinq victoires en t\u00eate de l\u2019\u00c9lite de basket.<\/p>\n<p class=\"fig-paragraph\"><a href=\"http:\/\/www.lefigaro.fr\/sports\/basket\/euroligue-pas-de-miracle-pour-l-asvel-battue-par-les-champions-d-europe-20251106\" data-fig-type=\"NewsFlash\" data-gtm-custom-categorie=\"navigation\" data-gtm-custom-action=\"crossclick\" data-gtm-custom-label=\"Contextuel\" data-gtm-event=\"customEventSPE\" data-fig-domain=\"LEFIGARO\" target=\"_blank\" rel=\"noopener\">Le club du Rocher<\/a>\u00a0en comptait d\u00e9j\u00e0 cinq \u00e0 l&rsquo;issue de la pr\u00e9c\u00e9dente journ\u00e9e, mais a \u00e9t\u00e9 depuis sanctionn\u00e9 d&rsquo;une victoire en moins au classement pour ne pas avoir pay\u00e9 la \u00abtaxe de luxe\u00bb compensant son statut fiscal particulier due au titre de la saison \u00e9coul\u00e9e. Il se retrouve donc au m\u00eame niveau que l&rsquo;<a href=\"http:\/\/www.lefigaro.fr\/flash-sport\/basket-l-asvel-touche-par-une-cascade-de-blessures-20251106\" data-fig-type=\"NewsFlash\" data-gtm-custom-categorie=\"navigation\" data-gtm-custom-action=\"crossclick\" data-gtm-custom-label=\"Contextuel\" data-gtm-event=\"customEventSPE\" data-fig-domain=\"LEFIGARO\" target=\"_blank\" rel=\"noopener\">Asvel<\/a>, Strasbourg, Nanterre, Le Mans et Paris apr\u00e8s un succ\u00e8s plut\u00f4t tranquille cependant agr\u00e9ment\u00e9e d&rsquo;une frayeur en fin de match.<\/p>\n<p class=\"fig-paragraph\">Alors qu&rsquo;ils avaient fait le travail d&rsquo;entr\u00e9e (25-12 \u00e0 la fin du premier quart-temps), les Mon\u00e9gasques de Matthew Strazel (21 pts \u00e0 4\/7 \u00e0 3 pts) ont laiss\u00e9 \u00e0 plusieurs reprises revenir le SQBB, avant-dernier du classement. Jusqu&rsquo;\u00e0 l&rsquo;entendre souffler dans leur nuque, gr\u00e2ce \u00e0 ses artificiers longue distance Giovan Oniangue (18 pts, 6\/8 \u00e0 3 pts) et Lo\u00efc Schwarz (14 pts, 4\/6), \u00e0 un peu moins de deux minutes de la fin (86-82) alors qu&rsquo;ils comptaient 18 points d&rsquo;avance en d\u00e9but de quatri\u00e8me quart-temps (78-60).<\/p>\n<p>                                    <a class=\"fig-a11y-skip a11y-hidden\" href=\"#fig-a11y-skip-main-inarticle\"><br \/>\n        Passer la publicit\u00e9<br \/>\n    <\/a><\/p>\n<p class=\"fig-paragraph\">La \u00abRoca Team\u00bb, sans Mike James au repos trois jours apr\u00e8s son r\u00e9cital \u00e0 Belgrade contre le Maccabi Tel-Aviv (34 pts) en Euroligue, a finalement serr\u00e9 la vis et assur\u00e9 aux lancers-francs (2\/3 pour Yoan Makoundou et David Michineau, 22\/24 au total). Avant qu&rsquo;un contre de Terry Tarpey suivi d&rsquo;un tir prim\u00e9 de Nemanja Nedovic ne scellent la victoire.<\/p>\n<p class=\"fig-paragraph\">Le Paris Basketball s&rsquo;est lui \u00e9pargn\u00e9 une fin de match sous tension alors qu&rsquo;il \u00e9tait au coude \u00e0 coude avec un CSP d\u00e9plum\u00e9 \u00e0 la mi-temps \u00e0 l&rsquo;issue d&rsquo;une premi\u00e8re p\u00e9riode ouverte aux quatre vents (62-56). Mais les Limougeauds, bien que vaillants, ont explos\u00e9 en seconde p\u00e9riode face \u00e0 l&rsquo;intensit\u00e9 des Parisiens, leurs innombrables rotations, leur sup\u00e9riorit\u00e9 au rebonds (42 \u00e0 28) et leur d\u00e9luge derri\u00e8re l&rsquo;arc (14\/35). Nadir Hifi (24 pts \u00e0 7\/9 \u00e0 2 pts) et Jo\u00ebl Ayayi, proche du triple-double (14 pts, 8 rebonds et 11 passes d\u00e9cisives), se sont taill\u00e9s la part du lion de ce festin.<\/p>\n","protected":false},"excerpt":{"rendered":"Avec les victoires de Monaco et Paris dimanche \u00e0 domicile de Saint-Quentin (92-84) et Limoges (115-93) en cl\u00f4ture&hellip;\n","protected":false},"author":2,"featured_media":523669,"comment_status":"","ping_status":"","sticky":false,"template":"","format":"standard","meta":{"footnotes":""},"categories":[1888],"tags":[1111,1928,11,1927,1777,674,1011,27,12,1926,626,2179,1925,25],"class_list":{"0":"post-523668","1":"post","2":"type-post","3":"status-publish","4":"format-standard","5":"has-post-thumbnail","7":"category-paris","8":"tag-actu","9":"tag-actu-paris","10":"tag-actualites","11":"tag-actualites-paris","12":"tag-eu","13":"tag-europe","14":"tag-fr","15":"tag-france","16":"tag-news","17":"tag-news-paris","18":"tag-paris","19":"tag-paris-basketball","20":"tag-paris-news","21":"tag-republique-francaise"},"share_on_mastodon":{"url":"https:\/\/pubeurope.com\/@fr\/115522142609328214","error":""},"_links":{"self":[{"href":"https:\/\/www.europesays.com\/fr\/wp-json\/wp\/v2\/posts\/523668","targetHints":{"allow":["GET"]}}],"collection":[{"href":"https:\/\/www.europesays.com\/fr\/wp-json\/wp\/v2\/posts"}],"about":[{"href":"https:\/\/www.europesays.com\/fr\/wp-json\/wp\/v2\/types\/post"}],"author":[{"embeddable":true,"href":"https:\/\/www.europesays.com\/fr\/wp-json\/wp\/v2\/users\/2"}],"replies":[{"embeddable":true,"href":"https:\/\/www.europesays.com\/fr\/wp-json\/wp\/v2\/comments?post=523668"}],"version-history":[{"count":0,"href":"https:\/\/www.europesays.com\/fr\/wp-json\/wp\/v2\/posts\/523668\/revisions"}],"wp:featuredmedia":[{"embeddable":true,"href":"https:\/\/www.europesays.com\/fr\/wp-json\/wp\/v2\/media\/523669"}],"wp:attachment":[{"href":"https:\/\/www.europesays.com\/fr\/wp-json\/wp\/v2\/media?parent=523668"}],"wp:term":[{"taxonomy":"category","embeddable":true,"href":"https:\/\/www.europesays.com\/fr\/wp-json\/wp\/v2\/categories?post=523668"},{"taxonomy":"post_tag","embeddable":true,"href":"https:\/\/www.europesays.com\/fr\/wp-json\/wp\/v2\/tags?post=523668"}],"curies":[{"name":"wp","href":"https:\/\/api.w.org\/{rel}","templated":true}]}}