{"id":523670,"date":"2025-11-09T22:39:22","date_gmt":"2025-11-09T22:39:22","guid":{"rendered":"https:\/\/www.europesays.com\/fr\/523670\/"},"modified":"2025-11-09T22:39:22","modified_gmt":"2025-11-09T22:39:22","slug":"cest-tout-a-fait-inadmissible-le-show-pyrotechnique-des-ultras-de-wydad-indigne-le-maire-du-15e-arrondissement-de-paris","status":"publish","type":"post","link":"https:\/\/www.europesays.com\/fr\/523670\/","title":{"rendered":"\u00ab\u00a0C&rsquo;est tout \u00e0 fait inadmissible\u00a0\u00bb: le show pyrotechnique des ultras de Wydad indigne le maire du 15e arrondissement de Paris"},"content":{"rendered":"<p class=\"mb-4 text-lg md:leading-8 break-words\">La tranquillit\u00e9 des XVe et XVIe arrondissement a momentan\u00e9ment \u00e9t\u00e9 perturb\u00e9e ce vendredi soir par <a href=\"https:\/\/fr.news.yahoo.com\/sport\/feux-dartifices-fumig%C3%A8nes-ultras-marocains-075058703.html\" data-ylk=\"slk:les supporters du club marocain du Wydad;elm:context_link;itc:0;sec:content-canvas;outcm:mb_qualified_link;_E:mb_qualified_link;ct:story;\" class=\"link  yahoo-link\" target=\"_blank\" rel=\"noopener\">les supporters du club marocain du Wydad<\/a>, bas\u00e9 \u00e0 Casablanca. Pour f\u00eater les 20 ans du groupe des <a href=\"https:\/\/fr.news.yahoo.com\/sport\/fumig%C3%A8nes-feux-d-artifice-ultras-162630406.html\" data-ylk=\"slk:Ultras Winners 2005;elm:context_link;itc:0;sec:content-canvas;outcm:mb_qualified_link;_E:mb_qualified_link;ct:story;\" class=\"link  yahoo-link\" target=\"_blank\" rel=\"noopener\">Ultras Winners 2005<\/a>, la branche parisienne a enflamm\u00e9 l&rsquo;ouest de Paris.<\/p>\n<p class=\"mb-4 text-lg md:leading-8 break-words\">Fumig\u00e8nes, drapeaux, feux d&rsquo;artifices&#8230; Les images diffus\u00e9es sur les r\u00e9seaux sociaux sont devenues virales. On y voit les ponts de Grenelle et de Mirabeau (qui lient les XVe et XVIe arrondissements) et les quais de Seine \u00eatre rougis par les engins pyrotechniques.<\/p>\n<p class=\"mb-4 text-lg md:leading-8 break-words\">Invit\u00e9 sur BFMTV ce dimanche, le maire LR du XVe arrondissement, Philippe Goujon, a annonc\u00e9 que \u00ab\u00a0la police n&rsquo;\u00e9tait pas pr\u00e9venue car le rassemblement n&rsquo;\u00e9tait pas autoris\u00e9\u00a0\u00bb. Avant d&rsquo;ajouter: \u00ab\u00a0L&rsquo;ordre public a \u00e9t\u00e9 troubl\u00e9. C&rsquo;est tout \u00e0 fait inadmissible.\u00a0\u00bb<\/p>\n<p>Une enqu\u00eate ouverte<\/p>\n<p class=\"mb-4 text-lg md:leading-8 break-words\">D&rsquo;apr\u00e8s l&rsquo;\u00e9lu de droite, \u00ab\u00a0ce ne sont pas tant les faits qui sont graves, puisqu&rsquo;il n&rsquo;y a pas eu de d\u00e9g\u00e2ts, mais le d\u00e9fi \u00e0 l&rsquo;autorit\u00e9 publique. Il y a pu avoir pendant une minute un d\u00e9clenchement de feux d&rsquo;artifices totalement improvis\u00e9s qui auraient pu \u00eatre dangereux.\u00a0\u00bb<\/p>\n<p class=\"mb-4 text-lg md:leading-8 break-words\">La veille, son homologue de la rive gauche \u00e9tait rest\u00e9 plus mesur\u00e9 sur la situation. \u00ab\u00a0J\u2019ai appris ces festivit\u00e9s via les r\u00e9seaux sociaux, avait confi\u00e9 J\u00e9r\u00e9my Redler, maire du XVIe, aupr\u00e8s de nos confr\u00e8res du <a href=\"https:\/\/www.leparisien.fr\/sports\/football\/meilleur-public-du-monde-qui-sont-les-ultras-du-wydad-casablanca-qui-ont-enflamme-paris-08-11-2025-3WBVZBMN7JC2JDC7H32EUGERBE.php\" rel=\"nofollow noopener\" target=\"_blank\" data-ylk=\"slk:Parisien;elm:context_link;itc:0;sec:content-canvas\" class=\"link \">Parisien<\/a>. D\u2019apr\u00e8s les informations qui me sont parvenues, \u00e7a a dur\u00e9 tr\u00e8s peu de temps. J\u2019ai imm\u00e9diatement \u00e9chang\u00e9 avec la commissaire du XVIe. <a href=\"https:\/\/fr.news.yahoo.com\/sport\/fumig%C3%A8nes-feux-dartifice-enqu%C3%AAte-ouverte-105042009.html\" data-ylk=\"slk:Une enqu\u00eate a \u00e9t\u00e9 ouverte;elm:context_link;itc:0;sec:content-canvas;outcm:mb_qualified_link;_E:mb_qualified_link;ct:story;\" class=\"link  yahoo-link\" target=\"_blank\" rel=\"noopener\">Une enqu\u00eate a \u00e9t\u00e9 ouverte<\/a> pour d\u00e9terminer les responsabilit\u00e9s.\u00a0\u00bb<\/p>\n<p class=\"mb-4 text-lg md:leading-8 break-words\">Club le plus titr\u00e9 du Maroc, le Wydad Athletic Club peut compter sur l&rsquo;activit\u00e9 de ses supporters \u00e0 travers le monde. Paris n\u2019est pas une exception dans la strat\u00e9gie d\u2019implantation de son groupe d&rsquo;ultras. Depuis plusieurs ann\u00e9es, la \u00ab\u00a0Section Old Continent\u00a0\u00bb multiplie les actions \u00e0 travers l\u2019Europe, port\u00e9e par un bassin de supporters massif et structur\u00e9. Plusieurs actions ont pu \u00eatre observ\u00e9es en France, notamment \u00e0 Paris et \u00e0 Lyon.<\/p>\n<p class=\"mb-4 text-lg md:leading-8 break-words\"><a href=\"https:\/\/rmcsport.bfmtv.com\/football\/c-est-tout-a-fait-inadmissible-le-show-pyrotechnique-des-ultras-de-wydad-indigne-le-maire-du-15e-arrondissement-de-paris_AV-202511090319.html#xtor=AL-68\" rel=\"nofollow noopener\" target=\"_blank\" data-ylk=\"slk:Article original publi\u00e9 sur RMC Sport;elm:context_link;itc:0;sec:content-canvas\" class=\"link \">Article original publi\u00e9 sur RMC Sport<\/a><\/p>\n","protected":false},"excerpt":{"rendered":"La tranquillit\u00e9 des XVe et XVIe arrondissement a momentan\u00e9ment \u00e9t\u00e9 perturb\u00e9e ce vendredi soir par les supporters du&hellip;\n","protected":false},"author":2,"featured_media":523671,"comment_status":"","ping_status":"","sticky":false,"template":"","format":"standard","meta":{"footnotes":""},"categories":[1888],"tags":[1111,1928,11,1927,1777,674,19290,1011,27,7981,2428,12,1926,626,1925,38379,25,64391,64390],"class_list":{"0":"post-523670","1":"post","2":"type-post","3":"status-publish","4":"format-standard","5":"has-post-thumbnail","7":"category-paris","8":"tag-actu","9":"tag-actu-paris","10":"tag-actualites","11":"tag-actualites-paris","12":"tag-eu","13":"tag-europe","14":"tag-feux-dartifices","15":"tag-fr","16":"tag-france","17":"tag-le-defi","18":"tag-lyon","19":"tag-news","20":"tag-news-paris","21":"tag-paris","22":"tag-paris-news","23":"tag-philippe-goujon","24":"tag-republique-francaise","25":"tag-xve-arrondissement","26":"tag-xvie-arrondissement"},"share_on_mastodon":{"url":"https:\/\/pubeurope.com\/@fr\/115522146461511356","error":""},"_links":{"self":[{"href":"https:\/\/www.europesays.com\/fr\/wp-json\/wp\/v2\/posts\/523670","targetHints":{"allow":["GET"]}}],"collection":[{"href":"https:\/\/www.europesays.com\/fr\/wp-json\/wp\/v2\/posts"}],"about":[{"href":"https:\/\/www.europesays.com\/fr\/wp-json\/wp\/v2\/types\/post"}],"author":[{"embeddable":true,"href":"https:\/\/www.europesays.com\/fr\/wp-json\/wp\/v2\/users\/2"}],"replies":[{"embeddable":true,"href":"https:\/\/www.europesays.com\/fr\/wp-json\/wp\/v2\/comments?post=523670"}],"version-history":[{"count":0,"href":"https:\/\/www.europesays.com\/fr\/wp-json\/wp\/v2\/posts\/523670\/revisions"}],"wp:featuredmedia":[{"embeddable":true,"href":"https:\/\/www.europesays.com\/fr\/wp-json\/wp\/v2\/media\/523671"}],"wp:attachment":[{"href":"https:\/\/www.europesays.com\/fr\/wp-json\/wp\/v2\/media?parent=523670"}],"wp:term":[{"taxonomy":"category","embeddable":true,"href":"https:\/\/www.europesays.com\/fr\/wp-json\/wp\/v2\/categories?post=523670"},{"taxonomy":"post_tag","embeddable":true,"href":"https:\/\/www.europesays.com\/fr\/wp-json\/wp\/v2\/tags?post=523670"}],"curies":[{"name":"wp","href":"https:\/\/api.w.org\/{rel}","templated":true}]}}