{"id":523695,"date":"2025-11-09T22:54:11","date_gmt":"2025-11-09T22:54:11","guid":{"rendered":"https:\/\/www.europesays.com\/fr\/523695\/"},"modified":"2025-11-09T22:54:11","modified_gmt":"2025-11-09T22:54:11","slug":"pro-d2-lenseignement-de-la-10e-journee-provence-rugby-monte-en-gamme","status":"publish","type":"post","link":"https:\/\/www.europesays.com\/fr\/523695\/","title":{"rendered":"Pro D2 &#8211; L&rsquo;enseignement de la 10e journ\u00e9e : Provence rugby monte en gamme"},"content":{"rendered":"<p>\n                Vainqueur \u00e0 Colomiers, Provence confirme sa forme remarquable ces derni\u00e8res semaines, et ce malgr\u00e9 une forte adversit\u00e9. \u00c0 cet \u00e9gard, on constate une vraie progression depuis l\u2019ann\u00e9e derni\u00e8re.\n            <\/p>\n<p>Avec les r\u00e9sultats de cette 10e journ\u00e9e, c\u2019est tout le classement de la division qui s\u2019est resserr\u00e9. Bien s\u00fbr, l\u2019US Dax, en remportant le match de la peur en bas de tableau, de surcro\u00eet avec le bonus offensif, envoie un message. Malgr\u00e9 le retrait de points et le d\u00e9but de saison difficile, les Landais ne sont plus lanterne rouge. C\u2019est ainsi toute une course au maintien qui est relanc\u00e9e. Mais la belle op\u00e9ration en haut, c\u2019est sans aucun doute Provence rugby qui l\u2019a sign\u00e9e.<\/p>\n<p>Seule \u00e9quipe \u00e0 l\u2019emporter \u00e0 l\u2019ext\u00e9rieur, elle s\u2019est rapproch\u00e9e du trio de t\u00eate avec cette victoire majeure \u00e0 Colomiers. \u00ab\u00a0On est content car sur le d\u00e9but de saison, on a \u00e9prouv\u00e9 beaucoup de difficult\u00e9s, exprime le deuxi\u00e8me ligne et capitaine Andr\u00e9s Zafra. On perd les deux premiers matchs, dont un \u00e0 domicile contre Valence\u2026 Il nous manquait des rep\u00e8res collectifs sur l\u2019ensemble de l\u2019\u00e9quipe.\u00a0\u00bb Pourtant, l\u2019impression laiss\u00e9e en Haute-Garonne est toute autre. Une ma\u00eetrise sur les fondamentaux, une strat\u00e9gie juste et respect\u00e9e, et une grande solidarit\u00e9 d\u00e9fensive qui a musel\u00e9 l\u2019attaque de Colomiers, \u00e9quipe produisant \u00ab\u00a0le meilleur rugby de Pro D2 cette saison\u00a0\u00bb, dixit le Neversois Hugo Bouyssou. \u00ab\u00a0On est sur une bonne dynamique, on essaye de rester solidaires, humbles et prendre tr\u00e8s simplement les matchs les uns apr\u00e8s les autres\u00a0\u00bb, poursuit le Colombien.<\/p>\n<p>Un calendrier qui \u00e9tait relev\u00e9<\/p>\n<p>Cette dynamique n\u2019est pas anodine quand on voit les adversaires rencontr\u00e9s : sur le dernier mois, Provence rugby a ainsi battu, dans la foul\u00e9e de Dax, le FCG (en Is\u00e8re), Nevers, Brive et Colomiers. Seule d\u00e9faite au compteur sur les six derniers matchs, celle conc\u00e9d\u00e9e \u00e0 Oyonnax, att\u00e9nu\u00e9e par le gain du bonus d\u00e9fensif. Aussi, quand on suit de pr\u00e8s Provence rugby, on sait l\u2019importance d\u2019avoir d\u00e9bloqu\u00e9 le compteur \u00e0 l\u2019ext\u00e9rieur aussi t\u00f4t. L\u2019ann\u00e9e derni\u00e8re c\u2019est ce qui avait mis dans une position d\u00e9licate le groupe, vainqueur en d\u00e9placement pour la premi\u00e8re fois \u00e0 la 16e journ\u00e9e seulement, \u00e0 Agen. \u00ab\u00a0C\u2019est vrai qu\u2019on avait mis du temps, et \u00e7a nous avait fait du mal dans la qu\u00eate de la qualification, bien qu\u2019on ait fini par l\u2019avoir, reconna\u00eet Joris Cazenave. C\u2019est un deuxi\u00e8me succ\u00e8s en d\u00e9placement mais on a perdu une fois \u00e0 la maison, ce qu\u2019il ne faut pas oublier. Ce sont des points \u00e0 r\u00e9cup\u00e9rer. On en a r\u00e9cup\u00e9r\u00e9 ce soir chez un concurrent direct. Continuons comme \u00e7a.\u00a0\u00bb \u00c0 cet \u00e9gard, peut-on dire que le groupe a m\u00fbri ? \u00ab\u00a0Sans doute, r\u00e9pond le demi de m\u00eal\u00e9e. Peut-\u00eatre que l\u2019ann\u00e9e derni\u00e8re on allait jouer \u00e0 l\u2019ext\u00e9rieur sans trop d\u2019envie ? Je ne sais pas, je ne peux pas l\u2019expliquer. Cette saison, \u00e7a fait quelques d\u00e9placements qu\u2019on n\u00e9gocie bien, on s\u2019accroche. On gagne deux fois, on r\u00e9cup\u00e8re des bonus d\u00e9fensifs (2). Sur le plan comptable, c\u2019est tr\u00e8s bien.\u00a0\u00bb<\/p>\n<p>Au club, on esp\u00e8re que ce r\u00e9sultat obtenu chez le dauphin d\u00e9clenche, ou plut\u00f4t am\u00e9liore encore le niveau affich\u00e9. \u00ab\u00a0On l\u2019esp\u00e8re forc\u00e9ment. C\u2019est ce qu\u2019on avait dit contre Brive la semaine derni\u00e8re, et on a enfin eu cette continuit\u00e9, derri\u00e8re laquelle on courait depuis le d\u00e9but de saison, analyse S\u00e9bastien Fouassier, entra\u00eeneur des avants. Mais pour encha\u00eener dans ce championnat on sait qu\u2019il faut se remettre en question. Le match \u00e0 Aurillac va \u00eatre d\u00e9licat, il va falloir tout remettre \u00e0 plat d\u00e8s lundi.\u00a0\u00bb<\/p>\n","protected":false},"excerpt":{"rendered":"Vainqueur \u00e0 Colomiers, Provence confirme sa forme remarquable ces derni\u00e8res semaines, et ce malgr\u00e9 une forte adversit\u00e9. \u00c0&hellip;\n","protected":false},"author":2,"featured_media":523696,"comment_status":"","ping_status":"","sticky":false,"template":"","format":"standard","meta":{"footnotes":""},"categories":[1416],"tags":[1011,27,479,1468,60],"class_list":{"0":"post-523695","1":"post","2":"type-post","3":"status-publish","4":"format-standard","5":"has-post-thumbnail","7":"category-rugby","8":"tag-fr","9":"tag-france","10":"tag-rugby","11":"tag-rugby-football","12":"tag-sports"},"share_on_mastodon":{"url":"https:\/\/pubeurope.com\/@fr\/115522205456467924","error":""},"_links":{"self":[{"href":"https:\/\/www.europesays.com\/fr\/wp-json\/wp\/v2\/posts\/523695","targetHints":{"allow":["GET"]}}],"collection":[{"href":"https:\/\/www.europesays.com\/fr\/wp-json\/wp\/v2\/posts"}],"about":[{"href":"https:\/\/www.europesays.com\/fr\/wp-json\/wp\/v2\/types\/post"}],"author":[{"embeddable":true,"href":"https:\/\/www.europesays.com\/fr\/wp-json\/wp\/v2\/users\/2"}],"replies":[{"embeddable":true,"href":"https:\/\/www.europesays.com\/fr\/wp-json\/wp\/v2\/comments?post=523695"}],"version-history":[{"count":0,"href":"https:\/\/www.europesays.com\/fr\/wp-json\/wp\/v2\/posts\/523695\/revisions"}],"wp:featuredmedia":[{"embeddable":true,"href":"https:\/\/www.europesays.com\/fr\/wp-json\/wp\/v2\/media\/523696"}],"wp:attachment":[{"href":"https:\/\/www.europesays.com\/fr\/wp-json\/wp\/v2\/media?parent=523695"}],"wp:term":[{"taxonomy":"category","embeddable":true,"href":"https:\/\/www.europesays.com\/fr\/wp-json\/wp\/v2\/categories?post=523695"},{"taxonomy":"post_tag","embeddable":true,"href":"https:\/\/www.europesays.com\/fr\/wp-json\/wp\/v2\/tags?post=523695"}],"curies":[{"name":"wp","href":"https:\/\/api.w.org\/{rel}","templated":true}]}}