{"id":523709,"date":"2025-11-09T23:05:25","date_gmt":"2025-11-09T23:05:25","guid":{"rendered":"https:\/\/www.europesays.com\/fr\/523709\/"},"modified":"2025-11-09T23:05:25","modified_gmt":"2025-11-09T23:05:25","slug":"quen-pensent-ses-fans-venus-a-la-dedicace-a-caen","status":"publish","type":"post","link":"https:\/\/www.europesays.com\/fr\/523709\/","title":{"rendered":"qu&rsquo;en pensent ses fans venus \u00e0 la d\u00e9dicace \u00e0 Caen\u00a0?"},"content":{"rendered":"<p>            Par<br \/>\n        <strong><br \/>\n            <a href=\"https:\/\/actu.fr\/auteur\/gregory-maucorps\" title=\"Consulter tous les articles de Gr\u00e9gory Maucorps\" rel=\"nofollow noopener\" target=\"_blank\">Gr\u00e9gory Maucorps<\/a><br \/>\n        <\/strong><\/p>\n<p>        Publi\u00e9 le<\/p>\n<p>            9 nov. 2025 \u00e0 16h07        <\/p>\n<p>Ce samedi 8 novembre 2025, le<b> rappeur Orelsan<\/b> \u00e9tait <a href=\"https:\/\/actu.fr\/normandie\/caen_14118\/la-folie-orelsan-a-la-fnac-de-caen-ce-samedi-cetait-incroyable-une-occasion-unique_63414252.html\" rel=\"nofollow noopener\" target=\"_blank\">en s\u00e9ance de d\u00e9dicaces durant trois heures \u00e0 la Fnac<\/a> de <b>Caen <\/b>(Calvados). <b>300 fans <\/b>avaient \u00e9t\u00e9 s\u00e9lectionn\u00e9s pour l\u2019occasion, au lendemain de la sortie de son nouvel album La fuite en avant.<\/p>\n<p>Venus de Beauvais \u00e0 la d\u00e9dicace, ils ont \u00e9cout\u00e9 en boucle le nouvel album d\u2019Orelsan<\/p>\n<p class=\" wall-content\"><a href=\"https:\/\/actu.fr\/liberte-caen\/\" rel=\"nofollow noopener\" target=\"_blank\">Libert\u00e9\/Actu Caen<\/a> \u00e9tait sur place pour demander aux fans du rappeur caennais<b> ce qu\u2019ils pensaient du nouvel opus de leur idole, <\/b>sorti ce vendredi 7 novembre.\u00a0<\/p>\n<p class=\" wall-content\">Venus de Beauvais pour rencontrer Orelsan, Wilfried et Doriane ont <b>\u00e9cout\u00e9 en boucle l\u2019album sur la route<\/b>.<\/p>\n<blockquote class=\"ac-article-quote wall-content\">\n<p>On ador\u00e9 le nouvel album. Ma femme sort d\u2019une grossesse, donc tout ce qui touche \u00e0 la grossesse, \u00e7a nous a touch\u00e9s. Tout ce qui concerne ses travers et le Orelsama, \u00e7a nous a percut\u00e9s aussi.<\/p>\n<p>Wilfried, fan venu de Beauvais pour rencontrer Orelsan<\/p><\/blockquote>\n<p>    <img   decoding=\"async\" loading=\"lazy\" class=\"size-large\" src=\"https:\/\/www.europesays.com\/fr\/wp-content\/uploads\/2025\/11\/6b08bf378f0965f08bf378f093318bv-1-960x640.jpg\" alt=\"Orelsan Fnac Caen d\u00e9dicaces\" width=\"960\" height=\"640\"\/><br \/>\n    Venus de Beauvais, Wilfried et Doriane sont d\u00e9j\u00e0 enchant\u00e9s par le nouvel opus du rappeur de Caen Orelsan. \u00a9Gr\u00e9gory MAUCORPS\u00ab\u00a0Un voyage au Japon sans payer le billet\u00a0\u00bb<\/p>\n<p class=\" wall-content\"><b>Arriv\u00e9e la premi\u00e8re<\/b> pour la s\u00e9ance de d\u00e9dicaces \u00e0 8h du matin, soit plus de 6h avant le rendez-vous, Meiko, de Lisieux, voulait \u00eatre <b>la premi\u00e8re \u00e0 rencontrer son idole<\/b>, qui l\u2019a beaucoup aid\u00e9 dans sa vie personnelle.<\/p>\n<blockquote class=\"ac-article-quote wall-content\">\n<p>Je l\u2019ai f\u00e9licit\u00e9 pour l\u2019album qui est incroyable. J\u2019adore son son, c\u2019est un voyage au Japon sans payer le billet ! Honn\u00eatement, je pense l\u2019\u00e9couter en boucle jusqu\u2019au concert que j\u2019irai voir \u00e0 Bercy.<\/p>\n<p>Meiko, 24 ans<\/p><\/blockquote>\n<p>Votre r\u00e9gion, votre actu !<\/p>\n<p>Recevez chaque jour les infos qui comptent pour vous.<\/p>\n<p>\t<a href=\"https:\/\/actu.fr\/newsletter\" class=\"ac-btn ac-btn--corner ac-btn--medium ac-btn--blue800\" rel=\"nofollow noopener\" target=\"_blank\">S&rsquo;incrire<\/a><\/p>\n<p>    <img   decoding=\"async\" loading=\"lazy\" class=\"size-large\" src=\"https:\/\/www.europesays.com\/fr\/wp-content\/uploads\/2025\/11\/96b4af378f0968ab4af378f095eb4av-1-960x640.jpg\" alt=\"Orelsan Fnac Caen d\u00e9dicaces\" width=\"960\" height=\"640\"\/><br \/>\n    Meiko et Joris ont \u00e9t\u00e9 les premiers \u00e0 \u00eatre re\u00e7us par Orelsan \u00e0 Caen, ce samedi 8 novembre 2025, lors de sa s\u00e9ance de d\u00e9dicaces. \u00a9Gr\u00e9gory MAUCORPS<\/p>\n<p class=\" wall-content\">De son c\u00f4t\u00e9, Joris, 21 ans, de Honfleur, a \u00e9t\u00e9 subjugu\u00e9 par<b> la chanson Soleil Levant, avec SDM<\/b>. \u00ab\u00a0Elle est incroyable, le mix entre leurs deux voix se fait vraiment bien. On est entra\u00een\u00e9 par la musique\u00a0\u00bb.<\/p>\n<p>    <img   decoding=\"async\" loading=\"lazy\" class=\"size-large\" src=\"https:\/\/www.europesays.com\/fr\/wp-content\/uploads\/2025\/11\/d7d4cf378f096ebd4cf378f09cfd4cv-1-960x640.jpg\" alt=\"Orelsan Fnac Caen d\u00e9dicaces\" width=\"960\" height=\"640\"\/><br \/>\n    Ma\u00ebl, 12 ans, adore le nouvel album d\u2019Orelsan : \u00ab\u00a0il est trop bien\u00a0\u00bb. Sa chanson pr\u00e9f\u00e9r\u00e9 : Les monstres. \u00a9Gr\u00e9gory MAUCORPS\u00ab\u00a0Il est super, je ne m\u2019attendais pas \u00e0 ce qu\u2019il soit aussi bien\u00a0\u00bb<\/p>\n<p class=\" wall-content\">Venu de Pont-L\u2019Ev\u00eaque, Ma\u00ebl, 12 ans, avait \u00e9galement <b>des \u00e9toiles dans les yeux <\/b>apr\u00e8s son entrevue avec Orelsan. \u00ab\u00a0C\u2019est mon chanteur pr\u00e9f\u00e9r\u00e9\u00a0\u00bb, glisse-t-il dans un sourire. Son avis sur le nouvel album du rappeur caennais ? \u00ab\u00a0<b>Il est trop bien<\/b>. J\u2019adore toutes les chansons, \u00e7a parle de sa famille\u2026 Ma chanson pr\u00e9f\u00e9r\u00e9e, ce sont \u2018Les Monstres&rsquo;\u00a0\u00bb.<\/p>\n<blockquote class=\"ac-article-quote wall-content\">\n<p>Franchement, il est super, je ne m\u2019attendais pas \u00e0 ce qu\u2019il soit aussi bien, il y a du Civilization dedans.\u00a0<\/p>\n<p>Aaron, 19 ans, de M\u00e9zidon<\/p><\/blockquote>\n<p>    <img   decoding=\"async\" loading=\"lazy\" class=\"size-large\" src=\"https:\/\/www.europesays.com\/fr\/wp-content\/uploads\/2025\/11\/cf93df378f096e3a3df378f09d7a3dv-1-960x640.jpg\" alt=\"Orelsan Fnac Caen d\u00e9dicaces\" width=\"960\" height=\"640\"\/><br \/>\n    Aaron et L\u00e9o sont agr\u00e9ablement surpris par La fuite en avant, le nouvel album d\u2019Orelsan. \u00a9Gr\u00e9gory MAUCORPS<\/p>\n<p class=\" wall-content\">De son c\u00f4t\u00e9,\u00a0Cl\u00e9mence, 20 ans, \u00e9tait dans les starting-blocks d\u00e8s sa sortie. \u00ab\u00a0Je l\u2019ai \u00e9cout\u00e9 d\u00e8s minuit, <b>il est incroyable <\/b>et j\u2019ai comment\u00e9 tous les clips\u00a0\u00bb, explique la jeune fille, venue expr\u00e8s de Paris pour la journ\u00e9e.<\/p>\n<p>    <img   decoding=\"async\" loading=\"lazy\" class=\"size-large\" src=\"https:\/\/www.europesays.com\/fr\/wp-content\/uploads\/2025\/11\/641cbf378f096681cbf378f094c1cbv-1-960x640.jpg\" alt=\"Orelsan Fnac Caen d\u00e9dicaces\" width=\"960\" height=\"640\"\/><br \/>\n    Ma\u00eblie et Cl\u00e9mence ont toutes les deux \u00e9t\u00e9 conquises par le nouvel album d\u2019Orelsan. \u00a9Gr\u00e9gory MAUCORPS<\/p>\n<p class=\" wall-content\">La Caennaise Ma\u00eblie, 20 ans \u00e9galement, \u00e9tait \u00e9galement conquise par La fuite en avant. \u00ab\u00a0Je suis hyper contente, c\u2019est un bon retour. Il est <b>vraiment super \u2018quali\u2019,<\/b> on retrouve un peu de La f\u00eate est finie dedans, c\u2019est ce que j\u2019adore. Personnellement, je suis<b> hyper satisfaite de cet album<\/b>\u00ab\u00a0.<\/p>\n<p class=\" wall-content\">Personnalisez votre actualit\u00e9 en ajoutant vos villes et m\u00e9dias en favori avec <a href=\"https:\/\/moncompte.actu.fr\" title=\"D\u00e9couvez Mon Actu\" rel=\"nofollow noopener\" data-trk=\"{&quot;cta&quot;:{&quot;action&quot;:&quot;https:\\\/\\\/moncompte.actu.fr&quot;,&quot;category&quot;:&quot;mon compte&quot;,&quot;from&quot;:&quot;article footer&quot;,&quot;name&quot;:&quot;Mon actu&quot;,&quot;type&quot;:&quot;cta&quot;}}\" target=\"_blank\">Mon Actu<\/a>.<\/p>\n","protected":false},"excerpt":{"rendered":"Par Gr\u00e9gory Maucorps Publi\u00e9 le 9 nov. 2025 \u00e0 16h07 Ce samedi 8 novembre 2025, le rappeur Orelsan&hellip;\n","protected":false},"author":2,"featured_media":523710,"comment_status":"","ping_status":"","sticky":false,"template":"","format":"standard","meta":{"footnotes":""},"categories":[1355],"tags":[5492,58,59,1011,27,1361,873,21953,104],"class_list":{"0":"post-523709","1":"post","2":"type-post","3":"status-publish","4":"format-standard","5":"has-post-thumbnail","7":"category-musique","8":"tag-caen","9":"tag-divertissement","10":"tag-entertainment","11":"tag-fr","12":"tag-france","13":"tag-music","14":"tag-musique","15":"tag-orelsan","16":"tag-societe"},"share_on_mastodon":{"url":"https:\/\/pubeurope.com\/@fr\/115522249907426651","error":""},"_links":{"self":[{"href":"https:\/\/www.europesays.com\/fr\/wp-json\/wp\/v2\/posts\/523709","targetHints":{"allow":["GET"]}}],"collection":[{"href":"https:\/\/www.europesays.com\/fr\/wp-json\/wp\/v2\/posts"}],"about":[{"href":"https:\/\/www.europesays.com\/fr\/wp-json\/wp\/v2\/types\/post"}],"author":[{"embeddable":true,"href":"https:\/\/www.europesays.com\/fr\/wp-json\/wp\/v2\/users\/2"}],"replies":[{"embeddable":true,"href":"https:\/\/www.europesays.com\/fr\/wp-json\/wp\/v2\/comments?post=523709"}],"version-history":[{"count":0,"href":"https:\/\/www.europesays.com\/fr\/wp-json\/wp\/v2\/posts\/523709\/revisions"}],"wp:featuredmedia":[{"embeddable":true,"href":"https:\/\/www.europesays.com\/fr\/wp-json\/wp\/v2\/media\/523710"}],"wp:attachment":[{"href":"https:\/\/www.europesays.com\/fr\/wp-json\/wp\/v2\/media?parent=523709"}],"wp:term":[{"taxonomy":"category","embeddable":true,"href":"https:\/\/www.europesays.com\/fr\/wp-json\/wp\/v2\/categories?post=523709"},{"taxonomy":"post_tag","embeddable":true,"href":"https:\/\/www.europesays.com\/fr\/wp-json\/wp\/v2\/tags?post=523709"}],"curies":[{"name":"wp","href":"https:\/\/api.w.org\/{rel}","templated":true}]}}