{"id":523711,"date":"2025-11-09T23:06:20","date_gmt":"2025-11-09T23:06:20","guid":{"rendered":"https:\/\/www.europesays.com\/fr\/523711\/"},"modified":"2025-11-09T23:06:20","modified_gmt":"2025-11-09T23:06:20","slug":"les-sentinelles-et-ses-super-heros-une-creation-historiquement-francaise","status":"publish","type":"post","link":"https:\/\/www.europesays.com\/fr\/523711\/","title":{"rendered":"Les Sentinelles et ses super-h\u00e9ros\u00a0? Une cr\u00e9ation historiquement fran\u00e7aise"},"content":{"rendered":"<p>Les Sentinelles\u00a0? La nouvelle s\u00e9rie de Canal+, adapt\u00e9e d\u2019une <a href=\"https:\/\/www.editions-delcourt.fr\/series\/serie-les-sentinelles\" rel=\"nofollow noopener\" target=\"_blank\">bande dessin\u00e9e fran\u00e7aise<\/a>, fait l\u2019\u00e9v\u00e9nement. De quoi s\u2019agit-il ? De super-h\u00e9ros. De quoi, peut-\u00eatre, agacer nos lecteurs qui se diront : \u00ab Encore une concession \u00e0 l\u2019air du temps, une nouvelle compromission avec les diktats hollywoodiens. \u00bb Pas du tout. Car ces super-h\u00e9ros sont \u00e9minemment fran\u00e7ais et d\u00e9ploient leurs talents durant la Grande Guerre. R\u00e9sumons.<\/p>\n<p>Le Kaiser fourbit ses armes secr\u00e8tes\u00a0; mais nous aussi. Soit de braves guerriers esquint\u00e9s au combat et qui n\u2019ont plus rien \u00e0 perdre. De chaque c\u00f4t\u00e9 des tranch\u00e9es, des savants sont donc pr\u00eats \u00e0 tout\u00a0pour en faire des guerriers \u00ab augment\u00e9s \u00bb, des anc\u00eatres de ce que certains nommeront plus tard des cyborgs, moiti\u00e9 homme et moiti\u00e9 machine. Un concept qu\u2019Hollywood s\u2019est vite appropri\u00e9, avec des films tels que le Terminator (1984), de James Cameron, ou le Robocop (1987), de Paul Verhoeven. Certes, la bande dessin\u00e9e \u00e9ponyme, sign\u00e9e Enrique Breccia au pinceau et Xavier Dorison au sc\u00e9nario, se raccroche \u00e0 ces illustres wagons, mais peut n\u00e9anmoins exciper du fait que le concept m\u00eame du super-h\u00e9ros fut historiquement fran\u00e7ais.<\/p>\n<p>Et oui, nous f\u00fbmes les premiers \u00e0 inventer ces \u00e9tranges personnages, parfois dot\u00e9s de pouvoirs surnaturels, mais qui \u00e9taient manifestement incapables de mettre leur slip ailleurs que sur leurs pantalons &#8211; grossi\u00e8re faute de go\u00fbt vestimentaire s\u2019il en est. Pour s\u2019en convaincre, le mieux consiste \u00e0 se reporter au savant ouvrage de Xavier Fournier, <a href=\"https:\/\/www.amazon.fr\/Super-h%C3%A9ros-Une-histoire-fran%C3%A7aise-augment%C3%A9e\/dp\/2386400034\" target=\"_blank\" rel=\"noopener nofollow\">Super-h\u00e9ros, une histoire fran\u00e7aise<\/a>.<\/p>\n<p>Alexandre Dumas, pr\u00e9curseur en la mati\u00e8re\u2026<\/p>\n<p>Au fait, qu\u2019est-ce qu\u2019un super-h\u00e9ros ? Un homme, ou une femme, g\u00e9n\u00e9ralement masqu\u00e9, \u0153uvrant dans l\u2019ombre afin de faire respecter le bon droit. \u00c0 ce titre, Le Comte de Monte-Cristo, d\u2019Alexandre Dumas, est l\u2019un des premiers du genre, car multipliant les identit\u00e9s afin de mieux confondre ses ennemis. Mais ce h\u00e9ros, super ou non, ne serait rien sans sa n\u00e9m\u00e9sis diabolique ; d\u2019o\u00f9 le Fant\u00f4mas de Pierre Souvestre et Marcel Allain. Dans la foul\u00e9e, les vengeurs masqu\u00e9s se suivent et se succ\u00e8dent : Robur le Conqu\u00e9rant, de Jules Verne, Le Masque rouge, une fille cette fois, cr\u00e9\u00e9e par Georges Le Faure, feuilletoniste un brin tomb\u00e9 dans l\u2019oubli, sans n\u00e9gliger le Rocambole, de Pierre Ponson du Terrail, d\u2019o\u00f9 l\u2019on tient l\u2019adjectif de \u00ab rocambolesque \u00bb. Comme c\u2019est tous les jours dimanche, toutes les opinions politiques sont mises \u00e0 l\u2019honneur. Fantomas est vaguement anarchiste, tandis que Le Chevalier de Maison-Rouge, autre cr\u00e9ation d\u2019Alexandre Dumas, est un royaliste pur jus. Puis, honneur aux dames, une fois encore, avec V\u00e9ga la magicienne, cr\u00e9\u00e9e par Ren\u00e9 d\u2019Anjou, qui sait voler, et pas que dans les plumes de ses innombrables soupirants. Autre h\u00e9ros qui marque son temps, nous sommes en 1911 : Le Nyctalope, h\u00e9ros surdou\u00e9, n\u00e9 de l\u2019imagination d\u00e9bordante de Jean de la Hire.<\/p>\n<p>Judex, le premier super-h\u00e9ros de cin\u00e9ma\u2026<\/p>\n<p>Du papier \u00e0 la pellicule, il n\u2019y a ensuite plus qu\u2019un pas \u00e0 franchir. Ce qui est chose faite avec le Judex de Louis Feuillade, d\u00e8s 1917. Puis la bande dessin\u00e9e, pas encore surnomm\u00e9e neuvi\u00e8me art, mais qui commence d\u00e9j\u00e0 \u00e0 prendre toute sa place. Certes, le Superman am\u00e9ricain est n\u00e9 en 1938. Mais ce serait oublier qu\u2019en 1935, un certain Robert Collard \u2013\u00a0Lortac, de son nom de pinceau \u2013 donnait le jour \u00e0 D\u00e9monax. La Lib\u00e9ration venue, les aventures des super-h\u00e9ros tricolores repartent de plus belle avec Fantax, aventurier costum\u00e9 issu des fantasques cerveaux de Marcel Navarro et Pierre Mouchot. N\u2019en jetez plus. Puis les ann\u00e9es 60. Hollywood ne se pr\u00e9occupe gu\u00e8re de ses super-h\u00e9ros. Bien s\u00fbr, il y a la s\u00e9rie Batman, difficilement regardable aujourd\u2019hui, si ce n\u2019est pour les amateurs d\u2019art d\u00e9viant. Et c\u2019est Cinecitt\u00e0 qui rel\u00e8ve le gant, avec des films tels que Satanik (1968), de Piero Vivarelli, et surtout, la m\u00eame ann\u00e9e, le chef-d\u2019\u0153uvre de Mario Bava, Danger\u00a0: Diabolik ! On notera encore le remarquable diptyque, Kriminal (1966), d\u2019Umberto Lenzi, et Le Retour de Kriminal (1967), de Fernando Cerchio, r\u00e9jouissante relecture transalpine de notre cher Fantomas bien de chez nous. Pour la petite histoire, la musique du premier est sign\u00e9e d\u2019un jazzman de renom, grand ami de Duke Ellington et quatri\u00e8me enfant du Duce\u00a0: un certain Romano Mussolini.<\/p>\n<p>Patriote et pacifiste \u00e0 la fois\u2026<\/p>\n<p>En la mati\u00e8re, le Nouveau Monde n\u2019a finalement rien fait que d\u2019imiter le Vieux Continent. En ce sens, ces Sentinelles ne sont qu\u2019un juste retour des choses. De la bande dessin\u00e9e d\u2019origine, elle conserve l\u2019essentiel\u00a0: un patriotisme de bon aloi, m\u00e2tin\u00e9 d\u2019une sainte horreur de la guerre, surtout celle de 14-18, innommable boucherie fratricide. Pour une fois, la presse est presque unanime en mati\u00e8re d\u2019\u00e9loges, \u00e0 l\u2019exception de Lib\u00e9ration et de T\u00e9l\u00e9rama ; ce qui est toujours bon signe. Et puis, \u00e0 l&rsquo;approche des comm\u00e9morations du 11 Novembre, voil\u00e0 une fiction inspir\u00e9e qui tombe \u00e0 point nomm\u00e9.<\/p>\n<p>Rappelons que ce sont les m\u00eames mauvais coucheurs qui avaient pr\u00e9dit la fin de Canal+, premier argentier du cin\u00e9ma fran\u00e7ais, lorsque pass\u00e9 sous la coupe de Vincent Bollor\u00e9. La preuve que non.<\/p>\n<p>                    <a href=\"#\" rel=\"nofollow\" onclick=\"window.print(); pfTrackEvent('Les Sentinelles et ses super-h\u00e9ros\u00a0? Une cr\u00e9ation historiquement fran\u00e7aise'); return false;\" title=\"Printer Friendly, PDF &amp; Email\"><br \/>\n                    <img decoding=\"async\" src=\"https:\/\/www.europesays.com\/fr\/wp-content\/uploads\/2025\/04\/printfriendly-icon-sm.png\" alt=\"Print Friendly, PDF &amp; Email\" class=\"pf-button-img\" style=\"width: 17px;height: 17px;\"\/>Imprimer, enregistrer en PDF cet article<br \/>\n                    <\/a><\/p>\n","protected":false},"excerpt":{"rendered":"Les Sentinelles\u00a0? La nouvelle s\u00e9rie de Canal+, adapt\u00e9e d\u2019une bande dessin\u00e9e fran\u00e7aise, fait l\u2019\u00e9v\u00e9nement. De quoi s\u2019agit-il ?&hellip;\n","protected":false},"author":2,"featured_media":523712,"comment_status":"","ping_status":"","sticky":false,"template":"","format":"standard","meta":{"footnotes":""},"categories":[1354],"tags":[58,59,1346,1011,27,1360],"class_list":{"0":"post-523711","1":"post","2":"type-post","3":"status-publish","4":"format-standard","5":"has-post-thumbnail","7":"category-films","8":"tag-divertissement","9":"tag-entertainment","10":"tag-films","11":"tag-fr","12":"tag-france","13":"tag-movies"},"share_on_mastodon":{"url":"https:\/\/pubeurope.com\/@fr\/115522252776386847","error":""},"_links":{"self":[{"href":"https:\/\/www.europesays.com\/fr\/wp-json\/wp\/v2\/posts\/523711","targetHints":{"allow":["GET"]}}],"collection":[{"href":"https:\/\/www.europesays.com\/fr\/wp-json\/wp\/v2\/posts"}],"about":[{"href":"https:\/\/www.europesays.com\/fr\/wp-json\/wp\/v2\/types\/post"}],"author":[{"embeddable":true,"href":"https:\/\/www.europesays.com\/fr\/wp-json\/wp\/v2\/users\/2"}],"replies":[{"embeddable":true,"href":"https:\/\/www.europesays.com\/fr\/wp-json\/wp\/v2\/comments?post=523711"}],"version-history":[{"count":0,"href":"https:\/\/www.europesays.com\/fr\/wp-json\/wp\/v2\/posts\/523711\/revisions"}],"wp:featuredmedia":[{"embeddable":true,"href":"https:\/\/www.europesays.com\/fr\/wp-json\/wp\/v2\/media\/523712"}],"wp:attachment":[{"href":"https:\/\/www.europesays.com\/fr\/wp-json\/wp\/v2\/media?parent=523711"}],"wp:term":[{"taxonomy":"category","embeddable":true,"href":"https:\/\/www.europesays.com\/fr\/wp-json\/wp\/v2\/categories?post=523711"},{"taxonomy":"post_tag","embeddable":true,"href":"https:\/\/www.europesays.com\/fr\/wp-json\/wp\/v2\/tags?post=523711"}],"curies":[{"name":"wp","href":"https:\/\/api.w.org\/{rel}","templated":true}]}}