{"id":523724,"date":"2025-11-09T23:13:11","date_gmt":"2025-11-09T23:13:11","guid":{"rendered":"https:\/\/www.europesays.com\/fr\/523724\/"},"modified":"2025-11-09T23:13:11","modified_gmt":"2025-11-09T23:13:11","slug":"pourquoi-les-agriculteurs-se-sentent-trahis-par-macron","status":"publish","type":"post","link":"https:\/\/www.europesays.com\/fr\/523724\/","title":{"rendered":"pourquoi les agriculteurs se sentent \u00ab\u00a0trahis\u00a0\u00bb par Macron"},"content":{"rendered":"<p>\n    <strong>D\u00c9CRYPTAGE &#8211; <\/strong>Les propos du pr\u00e9sident de la R\u00e9publique sur la possibilit\u00e9 d\u2019accepter l\u2019accord commercial entre l\u2019UE et les pays d\u2019Am\u00e9rique du Sud suscitent la col\u00e8re chez les paysans et dans la classe politique.<\/p>\n<p class=\"fig-paragraph\">\u00ab\u00a0Je suis plut\u00f4t positif, mais je reste vigilant parce que je d\u00e9fends aussi les int\u00e9r\u00eats de la France.\u00a0\u00bb Les propos d\u2019<a href=\"https:\/\/video.lefigaro.fr\/figaro\/economie\/mercosur-nous-continuons-a-nous-battre-aupres-de-la-commission-europeenne-assure-emmanuel-macron-20251108\" data-fig-type=\"Video\" data-gtm-custom-categorie=\"navigation\" data-gtm-custom-action=\"crossclick\" data-gtm-custom-label=\"Contextuel\" data-gtm-event=\"customEventSPE\" data-fig-domain=\"LEFIGARO\" rel=\"nofollow noopener\" target=\"_blank\">Emmanuel Macron<\/a>, tenus en marge de la\u00a0<a href=\"http:\/\/www.lefigaro.fr\/sciences\/dossier\/cop30-au-bresil-sur-le-changement-climatique-notre-dossier-pour-tout-comprendre\" data-fig-type=\"Topic\" data-gtm-custom-categorie=\"navigation\" data-gtm-custom-action=\"crossclick\" data-gtm-custom-label=\"Contextuel\" data-gtm-event=\"customEventSPE\" data-fig-domain=\"LEFIGARO\" rel=\"nofollow noopener\" target=\"_blank\">COP30 jeudi au Br\u00e9sil<\/a>, sur la possibilit\u00e9 d\u2019accepter l\u2019accord commercial entre l\u2019Union europ\u00e9enne et des pays du Mercosur (Argentine, Br\u00e9sil, Paraguay et Uruguay), s\u00e8ment le trouble en France.\u00a0<a href=\"http:\/\/www.lefigaro.fr\/actualite-france\/mercosur-en-colere-contre-macron-la-fnsea-appelle-a-une-journee-de-mobilisation-mercredi-20251109\" data-fig-type=\"NewsFlash\" data-gtm-custom-categorie=\"navigation\" data-gtm-custom-action=\"crossclick\" data-gtm-custom-label=\"Contextuel\" data-gtm-event=\"customEventSPE\" data-fig-domain=\"LEFIGARO\" rel=\"nofollow noopener\" target=\"_blank\">Les agriculteurs et une partie de la classe politique sont vent debout<\/a>\u00a0contre cet accord de libre-\u00e9change en discussion depuis 1999. \u00ab\u00a0Entre \u201con ne signera pas le Mercosur en l\u2019\u00e9tat\u201d d\u00e9clar\u00e9 au printemps et \u201cje suis plut\u00f4t positif\u201d aujourd\u2019hui sur la possibilit\u00e9 d\u2019accepter l\u2019accord commercial entre l\u2019UE et des pays du Mercosur, il y a une rupture claire et un changement de posture du pr\u00e9sident de la R\u00e9publique vis-\u00e0-vis de l\u2019agriculture fran\u00e7aise, a fustig\u00e9 dimanche, aupr\u00e8s du Figaro, le pr\u00e9sident de la FNSEA, Arnaud Rousseau. On a eu connaissance de ses propos depuis le Br\u00e9sil sans discussion pr\u00e9alable, c\u2019est un affront et un reniement total\u2026<\/p>\n<p class=\"fig-premium-paywall__infos\">\n        Cet article est r\u00e9serv\u00e9 aux abonn\u00e9s.        Il vous reste 85% \u00e0 d\u00e9couvrir.\n    <\/p>\n<p>                <img  data- alt=\"Le Figaro\" class=\"fig-img--complete fig-img\"\/><\/p>\n<p class=\"fig-premium-paywall__title\">Vous avez envie de lire la suite ?<\/p>\n<p class=\"fig-premium-paywall__subtitle\">D\u00e9bloquez tous les articles imm\u00e9diatement.<\/p>\n<p class=\"fig-premium-paywall__connect\">\n                D\u00e9j\u00e0 abonn\u00e9\u00a0?                <a class=\"fig-premium-paywall__connect-link\" href=\"https:\/\/connect.lefigaro.fr\/login?client=horizon_web&amp;type=main&amp;redirect_uri=https%3A%2F%2Fwww.lefigaro.fr%2Factualite-france%2Fmercosur-pourquoi-les-agriculteurs-se-sentent-trahis-par-macron-20251109\" data-js-gtm=\"{&quot;customCategorie&quot;: &quot;conversion&quot;, &quot;customAction&quot;: &quot;before_Landing_Connexion_paywall_auto&quot;, &quot;customLabel&quot;: &quot;bGVmaWdhcm8uZnJfXzFmMGJkNGRiLWIzMWYtNjQ0NC04MDQ2LTUzNWJmYTI3ZWFiYV9fQXJ0aWNsZQ==_Mercosur\u00a0: pourquoi les agriculteurs se sentent \u00ab\u00a0trahis\u00a0\u00bb par Macron_1000&quot;, &quot;customIDSPE&quot;: &quot;bGVmaWdhcm8uZnJfXzFmMGJkNGRiLWIzMWYtNjQ0NC04MDQ2LTUzNWJmYTI3ZWFiYV9fQXJ0aWNsZQ==&quot;, &quot;event&quot;: &quot;customEventSPE&quot;}\" rel=\"nofollow noopener\" target=\"_blank\"><br \/>\n                    Connectez-vous<br \/>\n                <\/a>\n            <\/p>\n","protected":false},"excerpt":{"rendered":"D\u00c9CRYPTAGE &#8211; Les propos du pr\u00e9sident de la R\u00e9publique sur la possibilit\u00e9 d\u2019accepter l\u2019accord commercial entre l\u2019UE et&hellip;\n","protected":false},"author":2,"featured_media":523725,"comment_status":"","ping_status":"","sticky":false,"template":"","format":"standard","meta":{"footnotes":""},"categories":[4],"tags":[11,327,436,1011,27,12,25],"class_list":{"0":"post-523724","1":"post","2":"type-post","3":"status-publish","4":"format-standard","5":"has-post-thumbnail","7":"category-france","8":"tag-actualites","9":"tag-agriculture","10":"tag-environnement","11":"tag-fr","12":"tag-france","13":"tag-news","14":"tag-republique-francaise"},"share_on_mastodon":{"url":"https:\/\/pubeurope.com\/@fr\/115522280123650773","error":""},"_links":{"self":[{"href":"https:\/\/www.europesays.com\/fr\/wp-json\/wp\/v2\/posts\/523724","targetHints":{"allow":["GET"]}}],"collection":[{"href":"https:\/\/www.europesays.com\/fr\/wp-json\/wp\/v2\/posts"}],"about":[{"href":"https:\/\/www.europesays.com\/fr\/wp-json\/wp\/v2\/types\/post"}],"author":[{"embeddable":true,"href":"https:\/\/www.europesays.com\/fr\/wp-json\/wp\/v2\/users\/2"}],"replies":[{"embeddable":true,"href":"https:\/\/www.europesays.com\/fr\/wp-json\/wp\/v2\/comments?post=523724"}],"version-history":[{"count":0,"href":"https:\/\/www.europesays.com\/fr\/wp-json\/wp\/v2\/posts\/523724\/revisions"}],"wp:featuredmedia":[{"embeddable":true,"href":"https:\/\/www.europesays.com\/fr\/wp-json\/wp\/v2\/media\/523725"}],"wp:attachment":[{"href":"https:\/\/www.europesays.com\/fr\/wp-json\/wp\/v2\/media?parent=523724"}],"wp:term":[{"taxonomy":"category","embeddable":true,"href":"https:\/\/www.europesays.com\/fr\/wp-json\/wp\/v2\/categories?post=523724"},{"taxonomy":"post_tag","embeddable":true,"href":"https:\/\/www.europesays.com\/fr\/wp-json\/wp\/v2\/tags?post=523724"}],"curies":[{"name":"wp","href":"https:\/\/api.w.org\/{rel}","templated":true}]}}