{"id":523734,"date":"2025-11-09T23:20:24","date_gmt":"2025-11-09T23:20:24","guid":{"rendered":"https:\/\/www.europesays.com\/fr\/523734\/"},"modified":"2025-11-09T23:20:24","modified_gmt":"2025-11-09T23:20:24","slug":"toulon-sur-arroux-lablette-lache-gardons-et-tanches","status":"publish","type":"post","link":"https:\/\/www.europesays.com\/fr\/523734\/","title":{"rendered":"Toulon-sur-Arroux. L\u2019Ablette l\u00e2che gardons et tanches"},"content":{"rendered":"<p>Ce jeudi, l\u2019Ablette toulonnaise a proc\u00e9d\u00e9 \u00e0 un empoissonnement au champ des Pierres. \u00ab La vidange des \u00e9tangs\u00a0se fait en cette saison, d\u00e8s que les eaux sont froides. C\u2019est le moment propice pour passer commande aupr\u00e8s des pisciculteurs\u00a0\u00bb, explique le pr\u00e9sident de l\u2019association G\u00e9rard Boudot. Munis de seaux bien remplis, quelques adh\u00e9rents ont ainsi d\u00e9vers\u00e9 300\u00a0kg de gardons et 50\u00a0kg de tanches pour un montant de 2\u00a0500\u00a0euros. Une d\u00e9pense qui ne peut se r\u00e9aliser que gr\u00e2ce aux b\u00e9n\u00e9fices des manifestations organis\u00e9es tout au long de l\u2019ann\u00e9e.<\/p>\n<p class=\"note\">Le dimanche 23\u00a0novembre, \u00e0 la salle Jean-Chandioux, loto gourmand avec une dotation de plus de 2\u00a0500\u00a0euros. Prix du carton 8\u00a0euros, 20\u00a0euros pour les trois et 5\u00a0euros pour un carton suppl\u00e9mentaire. Vente des cartes \u00e0 13 heures, d\u00e9but des parties \u00e0 14 heures.<\/p>\n","protected":false},"excerpt":{"rendered":"Ce jeudi, l\u2019Ablette toulonnaise a proc\u00e9d\u00e9 \u00e0 un empoissonnement au champ des Pierres. \u00ab La vidange des \u00e9tangs\u00a0se&hellip;\n","protected":false},"author":2,"featured_media":523735,"comment_status":"","ping_status":"","sticky":false,"template":"","format":"standard","meta":{"footnotes":""},"categories":[9619],"tags":[1111,11,12568,1777,674,107,1011,27,14000,12,882,25,104,2310,13999,1631],"class_list":{"0":"post-523734","1":"post","2":"type-post","3":"status-publish","4":"format-standard","5":"has-post-thumbnail","7":"category-toulon","8":"tag-actu","9":"tag-actualites","10":"tag-edition-montceau-les-mines","11":"tag-eu","12":"tag-europe","13":"tag-fil-info","14":"tag-fr","15":"tag-france","16":"tag-montceau-les-mines-bassin","17":"tag-news","18":"tag-provence-alpes-cote-dazur","19":"tag-republique-francaise","20":"tag-societe","21":"tag-toulon","22":"tag-toulon-sur-arroux","23":"tag-vie-associative"},"share_on_mastodon":{"url":"https:\/\/pubeurope.com\/@fr\/115522307554346082","error":""},"_links":{"self":[{"href":"https:\/\/www.europesays.com\/fr\/wp-json\/wp\/v2\/posts\/523734","targetHints":{"allow":["GET"]}}],"collection":[{"href":"https:\/\/www.europesays.com\/fr\/wp-json\/wp\/v2\/posts"}],"about":[{"href":"https:\/\/www.europesays.com\/fr\/wp-json\/wp\/v2\/types\/post"}],"author":[{"embeddable":true,"href":"https:\/\/www.europesays.com\/fr\/wp-json\/wp\/v2\/users\/2"}],"replies":[{"embeddable":true,"href":"https:\/\/www.europesays.com\/fr\/wp-json\/wp\/v2\/comments?post=523734"}],"version-history":[{"count":0,"href":"https:\/\/www.europesays.com\/fr\/wp-json\/wp\/v2\/posts\/523734\/revisions"}],"wp:featuredmedia":[{"embeddable":true,"href":"https:\/\/www.europesays.com\/fr\/wp-json\/wp\/v2\/media\/523735"}],"wp:attachment":[{"href":"https:\/\/www.europesays.com\/fr\/wp-json\/wp\/v2\/media?parent=523734"}],"wp:term":[{"taxonomy":"category","embeddable":true,"href":"https:\/\/www.europesays.com\/fr\/wp-json\/wp\/v2\/categories?post=523734"},{"taxonomy":"post_tag","embeddable":true,"href":"https:\/\/www.europesays.com\/fr\/wp-json\/wp\/v2\/tags?post=523734"}],"curies":[{"name":"wp","href":"https:\/\/api.w.org\/{rel}","templated":true}]}}