{"id":523736,"date":"2025-11-09T23:22:13","date_gmt":"2025-11-09T23:22:13","guid":{"rendered":"https:\/\/www.europesays.com\/fr\/523736\/"},"modified":"2025-11-09T23:22:13","modified_gmt":"2025-11-09T23:22:13","slug":"msl-montpellier-saffirme-en-patron","status":"publish","type":"post","link":"https:\/\/www.europesays.com\/fr\/523736\/","title":{"rendered":"MSL : Montpellier s\u2019affirme en patron"},"content":{"rendered":"<p>C\u2019\u00e9tait le choc, le premier de la saison. Et il n\u2019a finalement dur\u00e9 qu\u2019une petite heure et demie\u2026 Vendredi 7\u00a0novembre, il n\u2019y a pas eu de match entre Montpellier, le dauphin, et Tours, le leader et derni\u00e8re \u00e9quipe invaincue de MSL.<\/p>\n<p>Le <a target=\"_self\" href=\"https:\/\/www.lanouvellerepublique.... &#10;  &lt;span style=\" font-weight:=\"\" bold=\"\" font-style:=\"\" italic=\"\" margin:=\"\" padding:=\"\" font-size:=\"\" line-height:=\"\"><br \/>\n    Cet article a \u00e9t\u00e9 tronqu\u00e9. Abonnez-vous pour lire l&rsquo;article complet sur notre site.<\/p>\n<p>fr\/tours\/msl-tours-trebuche-sans-combattre-1762552883&Prime;&gt;MHSC\u00a0VB s\u2019est r\u00e9gal\u00e9 \u00e0 domicile<\/a>, avec un succ\u00e8s en trois manches 25-20, 25-18, 25-22 durant lesquelles les Montpelli\u00e9rains n\u2019ont pas eu \u00e0 forcer leur talent tant les Tourangeaux sont pass\u00e9s \u00e0 c\u00f4t\u00e9 de leur rencontre\u2026 Une illustration\u00a0: leur taux de d\u00e9chet au service avec plus d\u20191 sur 4 rat\u00e9 (27,4\u00a0%), ce qui est \u00e9norme\u00a0!<\/p>\n<p style=\"margin: 0 !important; padding: 0 !important; font-size: 12px !important;\">Cet article a \u00e9t\u00e9 tronqu\u00e9. Abonnez-vous pour lire l&rsquo;article complet.<\/p>\n<p>    <a href=\"https:\/\/www.lanouvellerepublique.fr\/abonnements\" style=\"display: inline-block; margin-top: 5px !important; padding: 6px 12px !important; background: #cb1c27; color: white; text-decoration: none; border-radius: 4px; font-size: 12px !important;\" target=\"_blank\" rel=\"noopener\"><br \/>\n      S&rsquo;abonner<br \/>\n    <\/a><\/p>\n","protected":false},"excerpt":{"rendered":"C\u2019\u00e9tait le choc, le premier de la saison. Et il n\u2019a finalement dur\u00e9 qu\u2019une petite heure et demie\u2026&hellip;\n","protected":false},"author":2,"featured_media":523737,"comment_status":"","ping_status":"","sticky":false,"template":"","format":"standard","meta":{"footnotes":""},"categories":[9599],"tags":[1111,11,1654,1777,674,1011,27,1387,1655,2208,12,2680,1653,25,60,1390,1471,2767,1584,1470],"class_list":{"0":"post-523736","1":"post","2":"type-post","3":"status-publish","4":"format-standard","5":"has-post-thumbnail","7":"category-montpellier","8":"tag-actu","9":"tag-actualites","10":"tag-alterna-stade-poitevin-volley-ball","11":"tag-eu","12":"tag-europe","13":"tag-fr","14":"tag-france","15":"tag-indre-et-loire","16":"tag-ligue-a","17":"tag-montpellier","18":"tag-news","19":"tag-occitanie","20":"tag-poitiers","21":"tag-republique-francaise","22":"tag-sports","23":"tag-tours","24":"tag-tours-volley-ball","25":"tag-tvb-37","26":"tag-vienne","27":"tag-volley"},"share_on_mastodon":{"url":"https:\/\/pubeurope.com\/@fr\/115522315428390240","error":""},"_links":{"self":[{"href":"https:\/\/www.europesays.com\/fr\/wp-json\/wp\/v2\/posts\/523736","targetHints":{"allow":["GET"]}}],"collection":[{"href":"https:\/\/www.europesays.com\/fr\/wp-json\/wp\/v2\/posts"}],"about":[{"href":"https:\/\/www.europesays.com\/fr\/wp-json\/wp\/v2\/types\/post"}],"author":[{"embeddable":true,"href":"https:\/\/www.europesays.com\/fr\/wp-json\/wp\/v2\/users\/2"}],"replies":[{"embeddable":true,"href":"https:\/\/www.europesays.com\/fr\/wp-json\/wp\/v2\/comments?post=523736"}],"version-history":[{"count":0,"href":"https:\/\/www.europesays.com\/fr\/wp-json\/wp\/v2\/posts\/523736\/revisions"}],"wp:featuredmedia":[{"embeddable":true,"href":"https:\/\/www.europesays.com\/fr\/wp-json\/wp\/v2\/media\/523737"}],"wp:attachment":[{"href":"https:\/\/www.europesays.com\/fr\/wp-json\/wp\/v2\/media?parent=523736"}],"wp:term":[{"taxonomy":"category","embeddable":true,"href":"https:\/\/www.europesays.com\/fr\/wp-json\/wp\/v2\/categories?post=523736"},{"taxonomy":"post_tag","embeddable":true,"href":"https:\/\/www.europesays.com\/fr\/wp-json\/wp\/v2\/tags?post=523736"}],"curies":[{"name":"wp","href":"https:\/\/api.w.org\/{rel}","templated":true}]}}