{"id":523743,"date":"2025-11-09T23:28:12","date_gmt":"2025-11-09T23:28:12","guid":{"rendered":"https:\/\/www.europesays.com\/fr\/523743\/"},"modified":"2025-11-09T23:28:12","modified_gmt":"2025-11-09T23:28:12","slug":"judo-le-cpb-rennes-rafle-la-mise-sport","status":"publish","type":"post","link":"https:\/\/www.europesays.com\/fr\/523743\/","title":{"rendered":"Judo. Le CPB Rennes rafle la mise . Sport"},"content":{"rendered":"<p>Le Judo Club Bain-de-Bretagne, et plus particuli\u00e8rement sa pierre angulaire Philippe Hameon, avait sorti le grand jeu pour organiser les championnats de Bretagne s\u00e9niors par \u00e9quipes de club, ce dimanche 9\u00a0novembre. 17\u00a0\u00e9quipes masculines et cinq\u00a0\u00e9quipes f\u00e9minines venaient chercher leur qualification pour les championnats de France qui se d\u00e9rouleront le 1er mai \u00e0 Paris. Pour acc\u00e9der \u00e0 ce prestigieux tournoi, il fallait absolument terminer dans les deux premiers de celui d\u2019aujourd\u2019hui.<\/p>\n<p>Au niveau masculin, chaque club pr\u00e9sentait cinq combattants (et autant de rempla\u00e7ants s\u2019ils le souhaitaient) r\u00e9partis en autant de cat\u00e9gories de poids\u00a0: &#8211; 66\u00a0kg, &#8211; 73\u00a0kg, &#8211; 81\u00a0kg, &#8211; 90\u00a0kg, +\u00a090\u00a0kg. Chez les f\u00e9minines, le concept restait identique avec seulement des cat\u00e9gories de poids diff\u00e9rentes\u00a0: &#8211; 52\u00a0kg, &#8211; 57\u00a0kg, &#8211; 63\u00a0kg, &#8211; 70\u00a0kg, +\u00a070\u00a0kg. La comp\u00e9tition, sous l\u2019\u0153il avis\u00e9 du cadre technique f\u00e9d\u00e9ral de la ligue de Bretagne Franck Robert, ne demandait qu\u2019\u00e0 d\u00e9marrer.<\/p>\n<p>Chez les f\u00e9minines, le CPB Rennes Judo s\u2019imposait dans un syst\u00e8me de poule unique o\u00f9 toutes les \u00e9quipes se rencontraient. Ses combattantes Lo\u00efse Bazile et Elisa Grosjean (- 52\u00a0kg), Rosie Samson-Meunet et Clara Gouret (- 57\u00a0kg), Nolwenn Luceau et Justine Gautier (- 63\u00a0kg), Lena Le Danvic et Emmanuelle Baudin (- 70\u00a0kg) et C\u00e9cile Mathieu (+\u00a070\u00a0kg) devenaient donc championnes de Bretagne par \u00e9quipes et allaient \u00eatre accompagn\u00e9es des judokates du club du Dojo du Pays de Lorient, arriv\u00e9es 2e de la poule, aux championnats de France. Charly Menuet, le coach des gagnantes, livrait son ressenti\u00a0: \u00a0C\u2019\u00e9tait une belle journ\u00e9e. Maintenant, nous allons nous concentrer sur les tournois de pr\u00e9paration qui vont nous amener aux championnats de France.\u00a0<\/p>\n<p>Dans la cat\u00e9gorie masculine, le m\u00eame club devenait victorieux mais apr\u00e8s \u00eatre sorti d\u2019un tableau final. Il \u00e9tait repr\u00e9sent\u00e9 par les combattants Noah Leroy et Manuel Poisson (- 66\u00a0kg), Paul Petit et Killian Le Bouhellec (- 73\u00a0kg), Audran Schapman et Alexandre Le Gall (- 81\u00a0kg), Dimitri Terterashvili et \u00c9tienne Taukapa (- 90\u00a0kg), Ma\u00ebl Le Normand et Baptiste Le Breton (+\u00a090\u00a0kg).<\/p>\n<p>Le Judo Club 56, arriv\u00e9 finaliste, accompagnera les gagnants \u00e0 Paris le 1er mai. Jean-Paul Levrel, le coach cercliste, concluait la journ\u00e9e\u00a0: \u00a0C\u2019est toujours sympa de gagner. On a une tr\u00e8s bonne coh\u00e9sion d\u2019\u00e9quipe. Nous allons aux championnats de France avec l\u2019ambition de faire un podium.\u00a0.<\/p>\n<p>\u00a0<\/p>\n","protected":false},"excerpt":{"rendered":"Le Judo Club Bain-de-Bretagne, et plus particuli\u00e8rement sa pierre angulaire Philippe Hameon, avait sorti le grand jeu pour&hellip;\n","protected":false},"author":2,"featured_media":523744,"comment_status":"","ping_status":"","sticky":false,"template":"","format":"standard","meta":{"footnotes":""},"categories":[2821],"tags":[1111,11,3809,1465,829,1777,674,63,1011,27,1792,1922,12,3086,584,25,479,517,1470],"class_list":{"0":"post-523743","1":"post","2":"type-post","3":"status-publish","4":"format-standard","5":"has-post-thumbnail","7":"category-rennes","8":"tag-actu","9":"tag-actualites","10":"tag-ball","11":"tag-basket","12":"tag-bretagne","13":"tag-eu","14":"tag-europe","15":"tag-football","16":"tag-fr","17":"tag-france","18":"tag-handball","19":"tag-info","20":"tag-news","21":"tag-redon","22":"tag-rennes","23":"tag-republique-francaise","24":"tag-rugby","25":"tag-sport","26":"tag-volley"},"share_on_mastodon":{"url":"https:\/\/pubeurope.com\/@fr\/115522339117399675","error":""},"_links":{"self":[{"href":"https:\/\/www.europesays.com\/fr\/wp-json\/wp\/v2\/posts\/523743","targetHints":{"allow":["GET"]}}],"collection":[{"href":"https:\/\/www.europesays.com\/fr\/wp-json\/wp\/v2\/posts"}],"about":[{"href":"https:\/\/www.europesays.com\/fr\/wp-json\/wp\/v2\/types\/post"}],"author":[{"embeddable":true,"href":"https:\/\/www.europesays.com\/fr\/wp-json\/wp\/v2\/users\/2"}],"replies":[{"embeddable":true,"href":"https:\/\/www.europesays.com\/fr\/wp-json\/wp\/v2\/comments?post=523743"}],"version-history":[{"count":0,"href":"https:\/\/www.europesays.com\/fr\/wp-json\/wp\/v2\/posts\/523743\/revisions"}],"wp:featuredmedia":[{"embeddable":true,"href":"https:\/\/www.europesays.com\/fr\/wp-json\/wp\/v2\/media\/523744"}],"wp:attachment":[{"href":"https:\/\/www.europesays.com\/fr\/wp-json\/wp\/v2\/media?parent=523743"}],"wp:term":[{"taxonomy":"category","embeddable":true,"href":"https:\/\/www.europesays.com\/fr\/wp-json\/wp\/v2\/categories?post=523743"},{"taxonomy":"post_tag","embeddable":true,"href":"https:\/\/www.europesays.com\/fr\/wp-json\/wp\/v2\/tags?post=523743"}],"curies":[{"name":"wp","href":"https:\/\/api.w.org\/{rel}","templated":true}]}}