{"id":523753,"date":"2025-11-09T23:35:25","date_gmt":"2025-11-09T23:35:25","guid":{"rendered":"https:\/\/www.europesays.com\/fr\/523753\/"},"modified":"2025-11-09T23:35:25","modified_gmt":"2025-11-09T23:35:25","slug":"loire-atlantique-cinq-detenus-blesses-apres-une-rixe-a-larme-blanche-a-la-prison-de-nantes","status":"publish","type":"post","link":"https:\/\/www.europesays.com\/fr\/523753\/","title":{"rendered":"Loire-Atlantique : cinq d\u00e9tenus bless\u00e9s apr\u00e8s une rixe \u00e0 l&rsquo;arme blanche \u00e0 la prison de Nantes"},"content":{"rendered":"<ul class=\"jsx-862013697 ArticleChapo__List\">\n<li class=\"jsx-862013697 ArticleChapo__List_Item flex\">Une rixe \u00e0 l&rsquo;arme blanche est survenue dimanche 9 novembre \u00e0 la maison d&rsquo;arr\u00eat de Nantes, en Loire-Atlantique.<\/li>\n<li class=\"jsx-862013697 ArticleChapo__List_Item flex\">Cinq d\u00e9tenus auraient \u00e9t\u00e9 l\u00e9g\u00e8rement bless\u00e9s.<\/li>\n<\/ul>\n<p data-module=\"article-paragraph\" class=\"jsx-3046738180 Paragraph\">Une rixe \u00e0 l&rsquo;arme blanche a eu lieu ce dimanche 9 novembre \u00e0 la maison d&rsquo;arr\u00eat de Nantes, ont confirm\u00e9 \u00e0 l&rsquo;AFP plusieurs sources concordantes. Cinq d\u00e9tenus ont \u00e9t\u00e9 l\u00e9g\u00e8rement bless\u00e9s, a indiqu\u00e9 la direction interr\u00e9gionale des services p\u00e9nitentiaires, sans donner davantage de d\u00e9tails. Quatre individus ont \u00e9t\u00e9 transport\u00e9s au CHU de la ville de Loire-Atlantique, a ajout\u00e9 le service d&rsquo;incendie et de secours (SDIS) du d\u00e9partement.\u00a0<\/p>\n<p data-module=\"article-paragraph\" class=\"jsx-3046738180 Paragraph Paragraph__End\">Selon une source syndicale, il s&rsquo;agirait d&rsquo;un r\u00e8glement de comptes sur fond de trafic et de racket. La \u00ab\u00a0bagarre entre d\u00e9tenus\u00a0\u00bb a \u00e9clat\u00e9 dans la cour de promenade de la maison d&rsquo;arr\u00eat, peu apr\u00e8s 15h, pr\u00e9cise William Cozic, d\u00e9l\u00e9gu\u00e9 syndical Force ouvri\u00e8re Justice \u00e0 la prison de Nantes. Le repr\u00e9sentant \u00e9voque une situation \u00e9tait \u00ab\u00a0tr\u00e8s tendue\u00a0\u00bb en fin d&rsquo;apr\u00e8s-midi. La promenade quotidienne a d\u00fb \u00eatre annul\u00e9e \u00e0 la suite de ces violences, poursuit-il.\u00a0<\/p>\n<p><a href=\"https:\/\/www.tf1info.fr\/justice-faits-divers\/cle-usb-transmise-a-salah-abdeslam-en-prison-l-enquete-elargie-3-personnes-en-garde-a-vue-2405508.html\" rel=\"noopener\" class=\"jsx-3308031228 Link flex\" target=\"_blank\"><img decoding=\"async\" src=\"https:\/\/www.europesays.com\/fr\/wp-content\/uploads\/2025\/11\/salah-abdeslam-13nov-afp-e37a38-0@1x.jpeg\" alt=\"Salah Abdeslam, dessin\u00e9 le 14 avril 2022 lors du proc\u00e8s du 13-Novembre.\" loading=\"lazy\" importance=\"low\" fetchpriority=\"low\" class=\"\" aria-hidden=\"true\"\/><\/p>\n<p class=\"jsx-3657663356 ReadMoreArticle__Title\">Lire aussi<\/p>\n<p class=\"jsx-3657663356\">Cl\u00e9 USB transmise \u00e0 Salah Abdeslam en prison : l&rsquo;enqu\u00eate \u00e9largie, 3 personnes en garde \u00e0 vue<\/p>\n<p><\/a><\/p>\n<p data-module=\"article-paragraph\" class=\"jsx-3046738180 Paragraph Paragraph__End\">Le syndicaliste d\u00e9nonce des \u00ab\u00a0bagarres entre d\u00e9tenus (qui deviennent) de plus en plus courantes\u00a0\u00bb. En cause notamment, l&rsquo;introduction croissante de lames \u00ab\u00a0en c\u00e9ramique\u00a0\u00bb, qui ne d\u00e9clenchent pas les d\u00e9tecteurs de m\u00e9taux, \u00ab\u00a0des livraisons par drone et des projections quasi quotidiennes\u00a0\u00bb. \u00ab\u00a0C&rsquo;est tr\u00e8s compliqu\u00e9 actuellement et la surpopulation n&rsquo;aide pas\u00a0\u00bb, conclut-il. Selon William Cozic, \u00ab\u00a0entre le quartier arrivant, le quartier disciplinaire et le b\u00e2timent hommes\u00a0\u00bb de la prison nantaise, \u00ab\u00a0on arrivait \u00e0 860 d\u00e9tenus pour 420 places\u00a0\u00bb.\u00a0<\/p>\n<p>M.G avec AFP<\/p>\n","protected":false},"excerpt":{"rendered":"Une rixe \u00e0 l&rsquo;arme blanche est survenue dimanche 9 novembre \u00e0 la maison d&rsquo;arr\u00eat de Nantes, en Loire-Atlantique.&hellip;\n","protected":false},"author":2,"featured_media":523754,"comment_status":"","ping_status":"","sticky":false,"template":"","format":"standard","meta":{"footnotes":""},"categories":[2818],"tags":[1111,11,1921,1777,674,6017,1011,27,1922,2954,766,12,2636,25,133,2953],"class_list":{"0":"post-523753","1":"post","2":"type-post","3":"status-publish","4":"format-standard","5":"has-post-thumbnail","7":"category-nantes","8":"tag-actu","9":"tag-actualites","10":"tag-article-video","11":"tag-eu","12":"tag-europe","13":"tag-fait-divers","14":"tag-fr","15":"tag-france","16":"tag-info","17":"tag-justice-et-faits-divers","18":"tag-nantes","19":"tag-news","20":"tag-pays-de-la-loire","21":"tag-republique-francaise","22":"tag-video","23":"tag-video-police"},"share_on_mastodon":{"url":"https:\/\/pubeurope.com\/@fr\/115522367516751362","error":""},"_links":{"self":[{"href":"https:\/\/www.europesays.com\/fr\/wp-json\/wp\/v2\/posts\/523753","targetHints":{"allow":["GET"]}}],"collection":[{"href":"https:\/\/www.europesays.com\/fr\/wp-json\/wp\/v2\/posts"}],"about":[{"href":"https:\/\/www.europesays.com\/fr\/wp-json\/wp\/v2\/types\/post"}],"author":[{"embeddable":true,"href":"https:\/\/www.europesays.com\/fr\/wp-json\/wp\/v2\/users\/2"}],"replies":[{"embeddable":true,"href":"https:\/\/www.europesays.com\/fr\/wp-json\/wp\/v2\/comments?post=523753"}],"version-history":[{"count":0,"href":"https:\/\/www.europesays.com\/fr\/wp-json\/wp\/v2\/posts\/523753\/revisions"}],"wp:featuredmedia":[{"embeddable":true,"href":"https:\/\/www.europesays.com\/fr\/wp-json\/wp\/v2\/media\/523754"}],"wp:attachment":[{"href":"https:\/\/www.europesays.com\/fr\/wp-json\/wp\/v2\/media?parent=523753"}],"wp:term":[{"taxonomy":"category","embeddable":true,"href":"https:\/\/www.europesays.com\/fr\/wp-json\/wp\/v2\/categories?post=523753"},{"taxonomy":"post_tag","embeddable":true,"href":"https:\/\/www.europesays.com\/fr\/wp-json\/wp\/v2\/tags?post=523753"}],"curies":[{"name":"wp","href":"https:\/\/api.w.org\/{rel}","templated":true}]}}